{"id":160,"date":"2021-02-11T15:55:31","date_gmt":"2021-02-11T14:55:31","guid":{"rendered":"https:\/\/metacosme.me\/?p=160"},"modified":"2021-03-20T15:33:58","modified_gmt":"2021-03-20T14:33:58","slug":"modeles-intelligence-et-douance","status":"publish","type":"post","link":"https:\/\/metacosme.me\/index.php\/2021\/02\/11\/modeles-intelligence-et-douance\/","title":{"rendered":"Quel(s) mod\u00e8le(s) pour comprendre l\u2019intelligence et la douance ?"},"content":{"rendered":"\n<p class=\"has-text-align-justify\">Il y a de quoi \u00eatre un petit peu frustr\u00e9 <a href=\"https:\/\/metacosme.me\/index.php\/2021\/02\/05\/haut-potentiel-daccord-et-apres\/\">lorsque l\u2019on s\u2019int\u00e9resse \u00e0 la douance<\/a>. Le moyen par excellence pour d\u00e9celer le haut potentiel (HP) est le test de QI, qui fut cr\u00e9\u00e9 dans un contexte purement scolaire et ne mesure qu\u2019un certain panel d\u2019aptitudes. Attention, c\u2019est un tr\u00e8s bon outil statistique (le seul dans ce domaine \u00e0 ma connaissance, m\u00eame s\u2019il en existe plusieurs versions de par le monde) et loin de moi l\u2019id\u00e9e de le rel\u00e9guer au placard. Mais il existe de nombreuses fa\u00e7ons pour une personne (\u00ab&nbsp;surdou\u00e9e&nbsp;\u00bb ou non) d\u2019exprimer ses facult\u00e9s mentales que cet examen standard ne peut mesurer. D\u2019ailleurs, un bon praticien prendra en compte d\u2019autres facteurs, plus subjectifs, lors d\u2019une \u00e9valuation, en se basant sur son exp\u00e9rience. Les auteurs qui traitent de la douance ne s\u2019y trompent pas non plus et parlent dans leurs livres et leurs sites de tout un tas d\u2019autres aspects du haut potentiel, mais g\u00e9n\u00e9ralement sans pouvoir proposer de cadre particulier pour les contenir. Et pour cause&nbsp;: scientifiquement parlant c\u2019est tr\u00e8s hasardeux&nbsp;!<\/p>\n\n\n\n<p class=\"has-text-align-justify\">\u00ab&nbsp;La scientificit\u00e9 d\u2019une th\u00e9orie r\u00e9side dans la possibilit\u00e9 de l\u2019invalider, de la r\u00e9futer, ou encore de la tester&nbsp;\u00bb, disait Karl Popper. Les tests de QI et les conclusions qui en d\u00e9coulent satisfont \u00e0 cette r\u00e8gle, et c\u2019est bien pour cela qu\u2019ils pr\u00e9valent&nbsp;; mais d\u00e8s qu\u2019il s\u2019agit d\u2019\u00e9valuer des caract\u00e9ristiques subjectives, non statistiquement mesurables, chez des individus, c\u2019est une autre paire de manches\u2026 Cela ne veut pas dire que personne ne s\u2019est risqu\u00e9 \u00e0 proposer de cadre plus large en ce qui concerne la douance&nbsp;; cela signifie simplement qu\u2019il faut prendre ces derniers avec les r\u00e9serves ad\u00e9quates. Et puis vous qui lisez ceci n\u2019\u00eates pas des donn\u00e9es statistiques, mais des humains, probablement adultes et \u00e9ventuellement HP. D\u00e8s lors, je vous fais confiance pour prendre la responsabilit\u00e9 de voir comment de tels mod\u00e8les peuvent vous aider (ou pas, c\u2019est propre \u00e0 chacun). Alors voyons ce que nous avons \u00e0 notre disposition.<\/p>\n\n\n\n<h2 class=\"wp-block-heading\"><strong>L\u2019intelligence et les \u00e9motions<\/strong><\/h2>\n\n\n\n<p class=\"has-text-align-justify\">Un point qui revient tr\u00e8s souvent sur les sites et forums concernant la douance, mais aussi dans les ouvrages, c\u2019est la question de savoir quelle place donner aux \u00e9motions dans le domaine du haut potentiel. Par le pass\u00e9, on allait jusqu\u2019\u00e0 opposer intelligence et \u00e9motions, arguant qu\u2019une personne tout \u00e0 fait rationnelle n\u2019avait que faire de sentiments. Heureusement, le consensus ne va plus dans ce sens, bien au contraire. Pour pallier aux manques en la mati\u00e8re des mod\u00e8les traditionnels d\u2019intelligence, on peut leur accoler plusieurs concepts, tels que l\u2019<a href=\"https:\/\/metacosme.me\/index.php\/2021\/02\/05\/les-hyperstimulabilites\/\">hyperstimulabilit\u00e9 \u00e9motionnelle<\/a> dont on a d\u00e9j\u00e0 parl\u00e9 ou l\u2019hypersensibilit\u00e9, qui toucherait 20% de la population environ. <\/p>\n\n\n\n<p class=\"has-text-align-justify\">Bref, tout cela pour dire que faute de mod\u00e8le global, jusque-l\u00e0 on a recours \u00e0 des juxtapositions. Cela donne peut-\u00eatre une image plus fid\u00e8le, mais on sent que ce n\u2019est pas suffisant. D\u2019une part, les personnes HP ressentent souvent qu\u2019intelligence et \u00e9motions forment un tout int\u00e9gr\u00e9 chez elles, qu\u2019elles font partie de ce m\u00eame \u00ab&nbsp;c\u00e2blage&nbsp;\u00bb complexe et particulier avec lequel elles sont n\u00e9es. Et d\u2019autre part, on est loin de pouvoir expliquer d\u2019autres manifestations li\u00e9es \u00e0 la douance.<\/p>\n\n\n\n<h2 class=\"wp-block-heading\"><strong>Et Mozart et Picasso dans tout \u00e7a&nbsp;?<\/strong><\/h2>\n\n\n\n<p class=\"has-text-align-justify\">Ce n\u2019est pas le titre de section que je voulais utiliser. J\u2019\u00e9tais partie sur \u00ab&nbsp;Il n\u2019y a pas qu\u2019Einstein dans la vie, il y a Mozart aussi&nbsp;\u00bb, quelque chose comme \u00e7a qui oppose un symbole de l\u2019intelligence math\u00e9matique \u00e0 un symbole de cr\u00e9ativit\u00e9. Eh ben c\u2019est pas possible&nbsp;! Vous savez pourquoi&nbsp;? Parce qu\u2019aucun des math\u00e9maticiens et physiciens c\u00e9l\u00e8bres n\u2019est connu uniquement pour ses prouesses dans le domaine des chiffres ou des \u00e9quations. Si on se rappelle d\u2019eux, c\u2019est parce qu\u2019ils ont appliqu\u00e9 leur imagination particuli\u00e8rement fertile \u00e0 leur science&nbsp;! Si je vous dis Newton, vous pensez \u00e9quations diff\u00e9rentielles ou pomme qui tombe et gravit\u00e9&nbsp;? Et Einstein, c\u2019est pareil. Fallait le faire de s\u2019ennuyer tellement qu\u2019il s\u2019imagina chevaucher le rayon de lumi\u00e8re qui lui permettait de voir l\u2019heure sur l\u2019horloge de la tour de Berne et en \u00e9chafauder une th\u00e9orie aussi r\u00e9volutionnaire&nbsp;! Dans ces cas, l\u2019exp\u00e9rience de pens\u00e9e, la curiosit\u00e9, la philosophie, les analogies, les m\u00e9taphores, voire la po\u00e9sie pr\u00e9c\u00e8dent de loin l\u2019expression math\u00e9matique des ph\u00e9nom\u00e8nes. C\u2019est clair qu\u2019il y a des math\u00e9maticiens \u00e9m\u00e9rites par leurs connaissances, mais \u00ab&nbsp;Il n\u2019y a pas qu\u2019Andrew Wiles dans la vie, il y a Mozart aussi&nbsp;\u00bb, \u00e7a claque vachement moins, non&nbsp;?<\/p>\n\n\n\n<p class=\"has-text-align-justify\">Donc, une autre chose que ne mesure pas le QI, c\u2019est l\u2019imagination ou la cr\u00e9ativit\u00e9, et pourtant, personne ne doute que cela soit une composante de l\u2019intelligence. Et revenons \u00e0 Mozart et Picasso. On est g\u00e9n\u00e9ralement d\u2019accord pour les qualifier de g\u00e9nies, de m\u00eame que de nombreux artistes, pourtant ils ne sont pas connus pour leur contribution aux sciences. N\u00e9anmoins, je serais curieuse de savoir quel aurait \u00e9t\u00e9 leur score s\u2019ils avaient pass\u00e9 une \u00e9valuation\u2026 Bref, ils ont consacr\u00e9 leurs capacit\u00e9s \u00e0 des expressions que l\u2019on pourrait qualifier de sensorielles (auditives et visuelles) et peut-\u00eatre m\u00eame psychomotrices (de nombreux compositeurs c\u00e9l\u00e8bres \u00e9taient connus de leur vivant pour leur virtuosit\u00e9 et il ne suffit pas de savoir tenir un pinceau pour \u00eatre Picasso).<\/p>\n\n\n\n<p class=\"has-text-align-justify\">R\u00e9sumons-nous&nbsp;: hormis les capacit\u00e9s intellectuelles, il en existerait aux niveaux \u00e9motionnel, cr\u00e9atif\/imaginatif, sensoriel et physique ou psychomoteur. \u00c7a commence \u00e0 me dire quelque chose.<\/p>\n\n\n\n<p class=\"has-text-align-justify\">Et comprenons-nous bien&nbsp;: je ne dis pas qu\u2019il suffit de faire preuve de pr\u00e9dispositions physiques ou psychomotrices pour \u00eatre HP. Ce serait effrayant de penser \u00e0 tous ces footballeurs qui rejoindraient subitement les rangs. C\u2019est carr\u00e9ment une nouvelle <em>d\u00e9finition<\/em> de l\u2019intelligence qu\u2019il faudrait alors trouver et dare-dare&nbsp;! Il en va de m\u00eame pour les autres capacit\u00e9s compl\u00e9mentaires list\u00e9es plus haut. On peut \u00eatre un artiste, faire preuve d\u2019imagination ou \u00eatre hypersensible sans \u00eatre concern\u00e9 par la douance. Mais dans l\u2019autre sens, lorsque l\u2019on est bel et bien concern\u00e9, le c\u00e2blage particulier peut s\u2019appliquer dans ces nombreux domaines, avec plus ou moins d\u2019intensit\u00e9 selon les gens.<\/p>\n\n\n\n<h2 class=\"wp-block-heading\"><strong>OK, mais on n\u2019a toujours pas de mod\u00e8le avec tout \u00e7a.<\/strong><\/h2>\n\n\n\n<p class=\"has-text-align-justify\">Je sais, \u00e7a vient. Si vous avez lu les articles pr\u00e9c\u00e9dents, je parie que vous m\u2019avez vue venir \u00e0 des kilom\u00e8tres&nbsp;: les <a href=\"https:\/\/metacosme.me\/index.php\/2021\/02\/05\/les-hyperstimulabilites\/\">hyperstimulabilit\u00e9s<\/a> (HS) me trottent en t\u00eate.<\/p>\n\n\n\n<h3 class=\"wp-block-heading\"><strong><em>La potentielle utilit\u00e9 des hyperstimulabilit\u00e9s<\/em><\/strong><\/h3>\n\n\n\n<p class=\"has-text-align-justify\">Peuvent-elles nous aider dans notre qu\u00eate&nbsp;? Oui et non. Pas de fa\u00e7on directe en tout cas. Dabrowski n\u2019a pas cr\u00e9\u00e9 ce concept en lien avec la douance, bien qu\u2019il l\u2019ait mis en relation avec des \u00ab&nbsp;aptitudes sp\u00e9ciales et des talents&nbsp;\u00bb. Par contre son successeur, Michael Piechowski, n\u2019a pas h\u00e9sit\u00e9 \u00e0 quasiment fusionner l\u2019hyperstimulabilit\u00e9 au haut potentiel d\u00e8s 1979, et une bonne partie de la communaut\u00e9 anglophone l\u2019a suivi sans h\u00e9siter, malgr\u00e9 le manque de validation scientifique. Le seul lien statistique \u00e9vident concerne l\u2019hyperstimulabilit\u00e9 intellectuelle, sans surprise, mais la corr\u00e9lation avec les quatre autres n\u2019a pu \u00eatre prouv\u00e9e. D\u00e8s lors, l\u2019id\u00e9e de Piechowski d\u2019utiliser un questionnaire d\u2019hyperstimulabilit\u00e9 pour identifier les HP n\u2019est pas du tout fiable, comme des \u00e9tudes l\u2019ont montr\u00e9.<\/p>\n\n\n\n<p class=\"has-text-align-justify\">Par ailleurs, des critiques se sont fait entendre par rapport au fait que certains parents d\u2019enfants dou\u00e9s pourraient utiliser les HS pour justifier des comportements inadapt\u00e9s de ces derniers et \u00e9viter les diagnostics (et donc les prises en charge sp\u00e9cifiques) relatifs \u00e0 des probl\u00e9matiques qui en m\u00e9riteraient (troubles de l\u2019attention, dyspraxie, autisme, <a href=\"https:\/\/metacosme.me\/index.php\/2021\/02\/05\/le-traumatisme-complexe-subtile-supplice-des-1000-coupures\/\">trauma<\/a>, \u2026). C\u2019est compr\u00e9hensible de souhaiter que sa prog\u00e9niture soit parfaite, mais pas jusqu\u2019\u00e0 la mauvaise foi.<\/p>\n\n\n\n<p class=\"has-text-align-justify\">Alors pourquoi n\u00e9anmoins s\u2019int\u00e9resser \u00e0 cette th\u00e9orie ici&nbsp;? Et bien, de fa\u00e7on tr\u00e8s pragmatique, les adultes (et peut-\u00eatre les plus jeunes) HP semblent retirer quelque chose de cette approche. Le fait que les hyperstimulabilit\u00e9s (intensit\u00e9s accrues) et la douance se m\u00e9langent si facilement dans autant de t\u00eates, y compris celles des sp\u00e9cialistes, est tr\u00e8s certainement r\u00e9v\u00e9lateur, au moins sur la nature des zones d\u2019intelligence potentielles au sujet desquelles on voudrait avoir de l\u2019information. Et il se trouve qu\u2019un mod\u00e8le existe, qui s\u2019organise d\u2019une fa\u00e7on tr\u00e8s semblable aux HS, et est utilis\u00e9 par les professionnels li\u00e9s au r\u00e9seau <a href=\"https:\/\/intergifted.com\/\">Intergifted<\/a>. Cela dit, on peut lui faire les m\u00eames reproches qu\u2019\u00e0 tous les cadres qui impliquent des \u00e9valuations subjectives, et malgr\u00e9 toute la confiance que j\u2019accorde \u00e0 son auteure dans ce domaine, vous, vous n\u2019avez peut-\u00eatre m\u00eame jamais entendu parler d\u2019elle ou d\u2019Intergifted. Alors si je sortais de mon chapeau cette grille de lecture des intelligences comme \u00e7a, je vous donnerais raison d\u2019\u00eatre sceptiques.<\/p>\n\n\n\n<p class=\"has-text-align-justify\">C\u2019est pourquoi je vous en pr\u00e9sente deux autres, l\u2019un bien \u00e9tabli dans la pratique et l\u2019autre bien soutenu par des observations quantifiables pour vous donner une id\u00e9e de sa raisonnabilit\u00e9 avant de vous en donner le d\u00e9tail.<\/p>\n\n\n\n<h3 class=\"wp-block-heading\"><strong><em>Intelligences multiples<\/em><\/strong><\/h3>\n\n\n\n<p class=\"has-text-align-justify\">La Th\u00e9orie des Intelligences Multiples a \u00e9t\u00e9 d\u00e9velopp\u00e9e par Howard Gardner \u00e0 partir de 1983. Il \u00e9num\u00e9rait initialement 7 \u00ab&nbsp;modalit\u00e9s&nbsp;\u00bb d\u2019intelligence&nbsp;:<\/p>\n\n\n\n<ul class=\"wp-block-list\"><li>linguistique<\/li><li>logico-math\u00e9matique<\/li><li>spatiale (visualisation)<\/li><li>intra-personnelle<\/li><li>interpersonnelle<\/li><li>corporelle-kin\u00e9sique<\/li><li>musicale<\/li><\/ul>\n\n\n\n<p class=\"has-text-align-justify\">Plus tard, il en proposa deux autres&nbsp;: intelligence naturaliste (sensibilit\u00e9 au vivant) et l\u2019intelligence existentielle\/spirituelle.<\/p>\n\n\n\n<p class=\"has-text-align-justify\">Le mod\u00e8le de Gardner a lui aussi subi des critiques \u00e0 cause de son caract\u00e8re plut\u00f4t subjectif, n\u00e9anmoins il a le m\u00e9rite d\u2019exister, d\u2019\u00eatre utilis\u00e9 et d\u2019\u00e9clairer la cause. Le d\u00e9coupage propos\u00e9 satisfait plus ou moins ses lecteurs. N\u00e9anmoins, les variantes propos\u00e9es sont de mani\u00e8re g\u00e9n\u00e9rale assez intuitives, et il est possible d\u2019\u00e9tablir des parall\u00e8les avec notre \u00e9bauche de liste de zones d\u2019intelligence.<\/p>\n\n\n\n<p class=\"has-text-align-justify\">On pourrait dire (en gros) que les tests de QI \u00e9valuent les intelligences linguistique et logico-math\u00e9matique. Quant aux modalit\u00e9s inter- et intra-personnelles, elles font in\u00e9vitablement penser aux \u00e9motions&nbsp;; celles li\u00e9es \u00e0 l\u2019espace et au mouvement se rapprochent des capacit\u00e9s psychomotrices. Toutefois les sens y tiennent peu de place et l\u2019imagination ou la cr\u00e9ativit\u00e9 n\u2019y est pas cit\u00e9e (\u00e0 part peut-\u00eatre dans le domaine musical). L\u2019adjonction d\u2019une intelligence existentielle est int\u00e9ressante, car l\u2019attention port\u00e9e aux valeurs, \u00e0 la moralit\u00e9, \u00e0 la philosophie, voire aux questions religieuses ne rel\u00e8ve d\u2019aucune autre modalit\u00e9. Quant \u00e0 la composante naturaliste, il me semble en fait qu\u2019elle est la r\u00e9sultante de l\u2019association de l\u2019intellect, des \u00e9motions et des consid\u00e9rations existentielles&nbsp;; elle n\u2019aurait donc selon moi pas de place particuli\u00e8re en tant que telle.<\/p>\n\n\n\n<h3 class=\"wp-block-heading\"><strong><em>Les philo-cognitifs<\/em><\/strong><\/h3>\n\n\n\n<p class=\"has-text-align-justify\">Il n\u2019y a pas si longtemps, j\u2019ai lu pour la premi\u00e8re fois le terme \u00ab&nbsp;philo-cognitif&nbsp;\u00bb. Je salue l\u2019effort des auteurs pour trouver un terme qui pourrait convenir \u00e0 l\u2019ensemble de la communaut\u00e9 HP. A titre personnel je ne suis pas encore convaincue, mais ce qui est par contre tout \u00e0 fait int\u00e9ressant, c\u2019est toute l\u2019\u00e9tude scientifique et la th\u00e9orie qui va avec.<\/p>\n\n\n\n<p class=\"has-text-align-justify\">Gr\u00e2ce \u00e0 des IRM r\u00e9alis\u00e9es sur des enfants (un groupe HP et un groupe non-HP selon test de QI), les chercheurs ont pu tirer deux conclusions&nbsp;:<\/p>\n\n\n\n<ul class=\"wp-block-list\"><li>Il y a plus de connexions (axones) \u00e0 l\u2019int\u00e9rieur des h\u00e9misph\u00e8res d\u2019un cerveau d\u2019enfant HP que dans ceux d\u2019un enfant qui ne correspond pas aux crit\u00e8res. Il en va de m\u00eame pour les connexions entre h\u00e9misph\u00e8res au niveau du corps calleux.<\/li><li>La vitesse des connexions est elle aussi statistiquement plus \u00e9lev\u00e9e.<\/li><\/ul>\n\n\n\n<p class=\"has-text-align-justify\">On aurait donc bien cette notion de \u00ab&nbsp;c\u00e2blage&nbsp;\u00bb particulier dans et entre les zones du cerveau. Il s\u2019agissait ici d\u2019enfants, mais on peut pour l\u2019instant supposer que le m\u00eame ph\u00e9nom\u00e8ne se passe chez les adultes. Une seconde \u00e9tude \u00e0 venir devrait s\u2019y int\u00e9resser.<\/p>\n\n\n\n<p class=\"has-text-align-justify\">Les auteurs d\u00e9terminent par ailleurs trois caract\u00e9ristiques des \u00ab&nbsp;philo-cognitifs&nbsp;\u00bb&nbsp;:<\/p>\n\n\n\n<ul class=\"wp-block-list\"><li>L\u2019hyper-sp\u00e9culation&nbsp;: besoin de penser, d\u2019extrapoler, de r\u00e9fl\u00e9chir sur des sujets tr\u00e8s vari\u00e9s, y compris ceux qui pourraient para\u00eetre \u00e9vidents \u00e0 d\u2019autres. Le r\u00e9seau c\u00e9r\u00e9bral ex\u00e9cutif est particuli\u00e8rement activ\u00e9.<\/li><li>L\u2019hyper-acuit\u00e9&nbsp;: hypersensibilit\u00e9 sensorielle et \u00e9motionnelle, seuil plus bas de d\u00e9tection de l\u2019information et r\u00e9ponse plus intense (par exemple, misophonie, aversion pour certains types de bruits). L\u2019hyper-acuit\u00e9 d\u00e9pend du r\u00e9seau de saillance, qui trie les divers stimuli qui nous parviennent, ce r\u00e9seau \u00e9tant dans le cas pr\u00e9sent plus actif.<\/li><li>L\u2019hyper-latence&nbsp;: activit\u00e9 accrue du r\u00e9seau du \u00ab&nbsp;mode par d\u00e9faut&nbsp;\u00bb du cerveau (ce \u00e0 quoi l\u2019on pense lorsque l\u2019on ne pense \u00e0 rien de particulier). Dans cet \u00e9tat, les associations de pens\u00e9e se font toutes seules et partent dans tous les sens ou \u00ab&nbsp;en arborescence&nbsp;\u00bb.<\/li><\/ul>\n\n\n\n<p class=\"has-text-align-justify\">Ces points reposent \u00e9galement sur des donn\u00e9es observables par l\u2019imagerie m\u00e9dicale, ce qui conf\u00e8re \u00e0 l\u2019ensemble de la th\u00e9orie un bon niveau de scientificit\u00e9 jusqu\u2019\u00e0 preuve du contraire. Nous allons donc pouvoir consolider certains \u00e9l\u00e9ments de notre liste de zones d\u2019intelligences. Notamment, l\u2019hyper-acuit\u00e9 valide les composantes sensorielles et \u00e9motionnelles. L\u2019hyper-sp\u00e9culation et l\u2019hyper-latence donnent \u00e0 mon sens du poids \u00e0 l\u2019\u00e9l\u00e9ment imaginatif\/cr\u00e9atif en plus de conforter (si besoin en \u00e9tait) le c\u00f4t\u00e9 intellectuel. On peut supposer que ces deux caract\u00e9ristiques pourraient \u00eatre impliqu\u00e9es dans un questionnement existentiel. Il n\u2019y a toutefois pas ici de lien \u00e9vident avec une excitabilit\u00e9 psychomotrice accrue.<\/p>\n\n\n\n<h2 class=\"wp-block-heading\"><strong>Le mod\u00e8le d\u2019intelligence propos\u00e9 par Intergifted<\/strong><\/h2>\n\n\n\n<p class=\"has-text-align-justify\">Nous voici enfin \u00e0 notre pi\u00e8ce de r\u00e9sistance&nbsp;! Veuillez m\u2019excuser de vous avoir fait attendre, mais je me devais de prendre toutes les pr\u00e9cautions n\u00e9cessaires&nbsp;!<\/p>\n\n\n\n<p class=\"has-text-align-justify\">Jennifer Harvey Sallin (psychologue sp\u00e9cialis\u00e9e dans la douance et HP elle-m\u00eame) a d\u00e9velopp\u00e9 pour l\u2019organisation Intergifted, dont elle est la directrice et fondatrice, un mod\u00e8le qui d\u00e9cline six zones (\u00ab&nbsp;areas&nbsp;\u00bb en anglais) d\u2019intelligence. Ces zones se qualifient comme suit (traduction des informations pr\u00e9sentes sur la page \u00ab&nbsp;<a href=\"https:\/\/intergifted.com\/what-is-giftedness\/\">What is giftedness<\/a>&nbsp;\u00bb de son site)&nbsp;:<\/p>\n\n\n\n<ul class=\"wp-block-list\"><li>Zone intellectuelle&nbsp;: curiosit\u00e9 profonde, amour de la connaissance et de l\u2019apprentissage, attrait pour la r\u00e9solution de probl\u00e8mes, questions pointues, recherche de la v\u00e9rit\u00e9, de la compr\u00e9hension, de la connaissance et de la d\u00e9couverte, observation soutenue, avidit\u00e9 pour la lecture, effort intellectuel soutenu, amour de la th\u00e9orie et de l\u2019analyse, pens\u00e9e ind\u00e9pendante&nbsp;;<\/li><li>Zone \u00e9motionnelle&nbsp;: profondeur et intensit\u00e9 des ressentis \u00e9motionnels et des attachements relationnels, grande vari\u00e9t\u00e9 d\u2019\u00e9motions complexes, m\u00e9moire d\u00e9velopp\u00e9e des sentiments, grande pr\u00e9occupation pour autrui, sens d\u00e9velopp\u00e9 de ce qui est bien, mal, de l\u2019injustice et de l\u2019hypocrisie, empathie, sens de la responsabilit\u00e9, introspection&nbsp;;<\/li><li>Zone cr\u00e9ative&nbsp;: visualisation d\u00e9taill\u00e9e, r\u00eaves r\u00e9alistes, attrait pour la fantaisie\/le fantastique\/l\u2019imaginaire, cr\u00e9ativit\u00e9, inventivit\u00e9, amour de la musique et des arts, sens de l\u2019humour d\u00e9velopp\u00e9, inclination pour ce qui inhabituel et unique&nbsp;;<\/li><li>Zone sensorielle&nbsp;: exp\u00e9rience sensorielle augment\u00e9e des stimuli visuels, auditifs, olfactifs, gustatifs et tactiles. Valorisation de la beaut\u00e9 et de l\u2019harmonie&nbsp;;<\/li><li>Zone physique&nbsp;: grandes aptitudes physiques ou dext\u00e9rit\u00e9, pr\u00e9f\u00e9rence pour l\u2019action rapide, expression physique&nbsp;;<\/li><li>Zone existentielle&nbsp;: focalisation sur le sens, les valeurs, l\u2019\u00e9thique, la moralit\u00e9, les interconnexions \u00e9cologiques et la nature de la r\u00e9alit\u00e9.<\/li><\/ul>\n\n\n\n<p class=\"has-text-align-justify\">Ici encore, l\u2019\u00e9l\u00e9ment central r\u00e9side dans la zone intellectuelle, qui est caract\u00e9ristique du haut potentiel (\u2026 intellectuel). D\u2019autres zones d\u2019intelligence (aucune, une ou plusieurs) peuvent se combiner \u00e0 elle. La fa\u00e7on dont les diff\u00e9rentes zones interagissent entre elles chez une personne donne une coloration unique \u00e0 sa douance.<\/p>\n\n\n\n<p class=\"has-text-align-justify\">Insistons sur le fait que \u00ab&nbsp;zones d\u2019intelligence&nbsp;\u00bb et \u00ab&nbsp;hyperstimulabilit\u00e9s&nbsp;\u00bb ne sont pas synonymes ou interchangeables (malgr\u00e9 la communaut\u00e9 des adjectifs qui s\u2019y rattachent). Elles peuvent toutefois coexister dans certains domaines, l\u2019une ou l\u2019autre ou les deux ou aucune des deux \u00e9tant pr\u00e9sente(s), ce qui donne encore une nuance suppl\u00e9mentaire au fonctionnement unique de la personne. L\u2019hyperstimulabilit\u00e9 jouerait alors plut\u00f4t dans le registre de l\u2019intensit\u00e9 (interne et\/ou tourn\u00e9e vers l\u2019ext\u00e9rieur). Il est \u00e0 noter que l\u2019hypersensibilit\u00e9 est encore une autre caract\u00e9ristique \u00e0 part qui peut \u00e9ventuellement compl\u00e9ter le tableau, puisqu\u2019elle ne recouvre pas vraiment les m\u00eames territoires que l\u2019HS \u00e9motionnelle.<\/p>\n\n\n\n<p class=\"has-text-align-justify\">Voil\u00e0. Comme je l\u2019ai d\u00e9j\u00e0 dit, l\u2019important pour chacun est de trouver un mod\u00e8le qui lui parle et cela rel\u00e8ve de sa responsabilit\u00e9. D\u2019une mani\u00e8re ou d\u2019une autre, l\u2019objectif est de devenir un sp\u00e9cialiste de soi-m\u00eame, ce que personne d\u2019autre ne peut \u00eatre (m\u00eame si certaines personnes peuvent apporter leur aide dans le processus). Pour moi c\u2019est ce dernier cadre (alliant intelligence et HS) qui semble me permettre de m\u2019expliquer le mieux \u00e0 moi-m\u00eame. Mais pour vous, cela peut \u00eatre un autre. Au moins, maintenant, vous avez du choix&nbsp;!<\/p>\n\n\n\n<div class=\"wp-block-media-text alignwide is-stacked-on-mobile is-vertically-aligned-center\" style=\"grid-template-columns:41% auto\"><figure class=\"wp-block-media-text__media\"><img loading=\"lazy\" decoding=\"async\" width=\"1024\" height=\"587\" src=\"https:\/\/metacosme.me\/wp-content\/uploads\/2021\/02\/Pissenlit-montgolfiere-1024x587.jpg\" alt=\"\" class=\"wp-image-77 size-full\" srcset=\"https:\/\/metacosme.me\/wp-content\/uploads\/2021\/02\/Pissenlit-montgolfiere-1024x587.jpg 1024w, https:\/\/metacosme.me\/wp-content\/uploads\/2021\/02\/Pissenlit-montgolfiere-300x172.jpg 300w, https:\/\/metacosme.me\/wp-content\/uploads\/2021\/02\/Pissenlit-montgolfiere-768x440.jpg 768w, https:\/\/metacosme.me\/wp-content\/uploads\/2021\/02\/Pissenlit-montgolfiere-1536x881.jpg 1536w, https:\/\/metacosme.me\/wp-content\/uploads\/2021\/02\/Pissenlit-montgolfiere.jpg 1920w\" sizes=\"auto, (max-width: 1024px) 100vw, 1024px\" \/><\/figure><div class=\"wp-block-media-text__content\">\n<p>M\u00e9tacosme est un blog dont le but est de mettre \u00e0 disposition des lecteurs francophones des informations de cheminement personnel et un \u00e9clairage psychologique et philosophique original.<\/p>\n\n\n\n<p>Rejoignez-nous dans le groupe de discussion sur <a href=\"https:\/\/www.facebook.com\/groups\/1457846228286132\/\" target=\"_blank\" rel=\"noreferrer noopener\">Facebook<\/a><\/p>\n\n\n\n<div style=\"padding:0\" class=\"wp-block-tnp-minimal\"><p><\/p><div><div class=\"tnp tnp-subscription-minimal  \"><form action=\"https:\/\/metacosme.me\/wp-admin\/admin-ajax.php?action=tnp&amp;na=s\" method=\"post\" style=\"text-align: center\"><input type=\"hidden\" name=\"nr\" value=\"minimal\">\n<input type=\"hidden\" name=\"nlang\" value=\"\">\n<input class=\"tnp-email\" type=\"email\" required name=\"ne\" value=\"\" placeholder=\"Email\"><input class=\"tnp-submit\" type=\"submit\" value=\"S&#039;abonner\" style=\"\">\n<\/form><\/div>\n<\/div><\/div>\n<\/div><\/div>\n\n\n\n\n\n<p><span style=\"text-decoration: underline;\">Ressources&nbsp;<\/span>:<\/p>\n\n\n\n<ul class=\"wp-block-list\"><li><a href=\"https:\/\/intergifted.com\/what-is-giftedness\/\">\u201cWhat is giftedness? \u201d<\/a>, article de Jennifer Harvey Sallin sur le site <a href=\"https:\/\/intergifted.com\/\">Intergifted<\/a><\/li><li><a href=\"http:\/\/www.positivedisintegration.com\/Synopses.htm\">\u201cGifted issues\u201d<\/a>, page du site <a href=\"http:\/\/www.positivedisintegration.com\/#overview\">PositiveDisintegration.com<\/a> r\u00e9alis\u00e9 par William Tillier<\/li><li><a href=\"https:\/\/www.thirdfactor.org\/history-overexcitability\/\">\u201cOverexcitability: Where It Came From, Where It\u2019s Going\u201d<\/a>, article de Christiane Wells et Jessie Mannisto pour <a href=\"https:\/\/www.thirdfactor.org\/\">Third Factor Magazine<\/a><\/li><li><a href=\"https:\/\/drdevon.com\/giftedness-and-overexcitabilities-part-8-of-myth-busters-alternative-therapies-for-2e-learners\/\">\u201cGiftedness and Overexcitabilities &#8211; Part 8 of Myth Busters: Alternative Therapies for 2e Learners\u201d<\/a>, article du Dr Devon MacEachron sur son site professionnel<\/li><li><a href=\"https:\/\/en.wikipedia.org\/wiki\/Theory_of_multiple_intelligences\">\u201cTheory of Multiple Intelligence\u201d<\/a>, page Wikipedia sur le mod\u00e8le d\u2019intelligences multiples de Howard Gardner<\/li><li><a href=\"https:\/\/www.enfantsprecoces.info\/haut-potentiel-intellectuel-qui-sont-les-philo-cognitifs\/\">\u00ab&nbsp;Haut potentiel intellectuel, qui sont les philo-cognitifs&nbsp;?&nbsp;\u00bb<\/a>, interview vid\u00e9o des auteurs de l\u2019\u00e9tude et du livre&nbsp;\u00ab&nbsp;Les philo-cognitifs \u2013 Ils n\u2019aiment que penser et penser autrement\u2026&nbsp;\u00bb (Fanny Nusbaum, Olivier Revol et Dominic Sappey-Marinier) sur le site <a href=\"https:\/\/www.enfantsprecoces.info\/\">enfantsprecoces.info<\/a><\/li><li>\u201c<a href=\"https:\/\/podcasts.google.com\/feed\/aHR0cHM6Ly9mZWVkcy5idXp6c3Byb3V0LmNvbS8xMDQzMDY4LnJzcw\/episode\/QnV6enNwcm91dC01MjA2NTEz?sa=X&amp;ved=2ahUKEwi82ID16vDtAhUzeDABHVTbBVIQkfYCegQIARAF\">There is an oasis for gifted adults! Meet Jennifer Harvey Sallin &#8211; Founding Director of InterGifted<\/a>\u201d, discussion entre Nadja Cereghetti et Jennifer Harvey Sallin pour le podcast \u201c<a href=\"https:\/\/podcasts.google.com\/feed\/aHR0cHM6Ly9mZWVkcy5idXp6c3Byb3V0LmNvbS8xMDQzMDY4LnJzcw?sa=X&amp;ved=0CAMQ4aUDahcKEwj4hdaozd_uAhUAAAAAHQAAAAAQAQ\">Unleash Monday<\/a>\u201d<\/li><li>\u201cLiving with Intensity\u201d, livre par Susan Daniels et Michael M. Piechowski<\/li><\/ul>\n","protected":false},"excerpt":{"rendered":"<p>Il existe de nombreuses fa\u00e7ons pour une personne (\u00ab surdou\u00e9e \u00bb ou non) d\u2019exprimer ses facult\u00e9s mentales qu&rsquo;un test de QI standard ne peut mesurer. Qu&rsquo;en est-il de l&rsquo;\u00e9motion ou de la cr\u00e9ativit\u00e9?<\/p>\n","protected":false},"author":2,"featured_media":169,"comment_status":"open","ping_status":"open","sticky":false,"template":"","format":"standard","meta":{"_jetpack_memberships_contains_paid_content":false,"footnotes":""},"categories":[5],"tags":[],"class_list":["post-160","post","type-post","status-publish","format-standard","has-post-thumbnail","hentry","category-douance","has-post-thumbnail-archive"],"yoast_head":"<!-- This site is optimized with the Yoast SEO plugin v26.9 - https:\/\/yoast.com\/product\/yoast-seo-wordpress\/ -->\n<title>Quel(s) mod\u00e8le(s) pour comprendre l\u2019intelligence et la douance ? - Metacosme<\/title>\n<meta name=\"description\" content=\"Il existe de nombreuses fa\u00e7ons pour une personne (surdou\u00e9e ou non) d\u2019exprimer ses facult\u00e9s mentales qu\u2019un test de QI seul ne peut mesurer.\" \/>\n<meta name=\"robots\" content=\"index, follow, max-snippet:-1, max-image-preview:large, max-video-preview:-1\" \/>\n<link rel=\"canonical\" href=\"https:\/\/metacosme.me\/index.php\/2021\/02\/11\/modeles-intelligence-et-douance\/\" \/>\n<meta property=\"og:locale\" content=\"fr_FR\" \/>\n<meta property=\"og:type\" content=\"article\" \/>\n<meta property=\"og:title\" content=\"Quel(s) mod\u00e8le(s) pour comprendre l\u2019intelligence et la douance ? - Metacosme\" \/>\n<meta property=\"og:description\" content=\"Il existe de nombreuses fa\u00e7ons pour une personne (surdou\u00e9e ou non) d\u2019exprimer ses facult\u00e9s mentales qu\u2019un test de QI seul ne peut mesurer.\" \/>\n<meta property=\"og:url\" content=\"https:\/\/metacosme.me\/index.php\/2021\/02\/11\/modeles-intelligence-et-douance\/\" \/>\n<meta property=\"og:site_name\" content=\"Metacosme\" \/>\n<meta property=\"article:published_time\" content=\"2021-02-11T14:55:31+00:00\" \/>\n<meta property=\"article:modified_time\" content=\"2021-03-20T14:33:58+00:00\" \/>\n<meta property=\"og:image\" content=\"https:\/\/metacosme.me\/wp-content\/uploads\/2021\/02\/Equalizer-stars-tiny-carre-2.jpg\" \/>\n\t<meta property=\"og:image:width\" content=\"236\" \/>\n\t<meta property=\"og:image:height\" content=\"310\" \/>\n\t<meta property=\"og:image:type\" content=\"image\/jpeg\" \/>\n<meta name=\"author\" content=\"Isabelle\" \/>\n<meta name=\"twitter:card\" content=\"summary_large_image\" \/>\n<meta name=\"twitter:label1\" content=\"\u00c9crit par\" \/>\n\t<meta name=\"twitter:data1\" content=\"Isabelle\" \/>\n\t<meta name=\"twitter:label2\" content=\"Dur\u00e9e de lecture estim\u00e9e\" \/>\n\t<meta name=\"twitter:data2\" content=\"12 minutes\" \/>\n<script type=\"application\/ld+json\" class=\"yoast-schema-graph\">{\"@context\":\"https:\/\/schema.org\",\"@graph\":[{\"@type\":\"Article\",\"@id\":\"https:\/\/metacosme.me\/index.php\/2021\/02\/11\/modeles-intelligence-et-douance\/#article\",\"isPartOf\":{\"@id\":\"https:\/\/metacosme.me\/index.php\/2021\/02\/11\/modeles-intelligence-et-douance\/\"},\"author\":{\"name\":\"Isabelle\",\"@id\":\"https:\/\/metacosme.me\/#\/schema\/person\/5afbcafa721d23568101319b102753a2\"},\"headline\":\"Quel(s) mod\u00e8le(s) pour comprendre l\u2019intelligence et la douance ?\",\"datePublished\":\"2021-02-11T14:55:31+00:00\",\"dateModified\":\"2021-03-20T14:33:58+00:00\",\"mainEntityOfPage\":{\"@id\":\"https:\/\/metacosme.me\/index.php\/2021\/02\/11\/modeles-intelligence-et-douance\/\"},\"wordCount\":3220,\"commentCount\":2,\"publisher\":{\"@id\":\"https:\/\/metacosme.me\/#\/schema\/person\/5afbcafa721d23568101319b102753a2\"},\"image\":{\"@id\":\"https:\/\/metacosme.me\/index.php\/2021\/02\/11\/modeles-intelligence-et-douance\/#primaryimage\"},\"thumbnailUrl\":\"https:\/\/metacosme.me\/wp-content\/uploads\/2021\/02\/Equalizer-stars-tiny-carre-2.jpg\",\"articleSection\":[\"Douance\"],\"inLanguage\":\"fr-FR\",\"potentialAction\":[{\"@type\":\"CommentAction\",\"name\":\"Comment\",\"target\":[\"https:\/\/metacosme.me\/index.php\/2021\/02\/11\/modeles-intelligence-et-douance\/#respond\"]}]},{\"@type\":\"WebPage\",\"@id\":\"https:\/\/metacosme.me\/index.php\/2021\/02\/11\/modeles-intelligence-et-douance\/\",\"url\":\"https:\/\/metacosme.me\/index.php\/2021\/02\/11\/modeles-intelligence-et-douance\/\",\"name\":\"Quel(s) mod\u00e8le(s) pour comprendre l\u2019intelligence et la douance ? - Metacosme\",\"isPartOf\":{\"@id\":\"https:\/\/metacosme.me\/#website\"},\"primaryImageOfPage\":{\"@id\":\"https:\/\/metacosme.me\/index.php\/2021\/02\/11\/modeles-intelligence-et-douance\/#primaryimage\"},\"image\":{\"@id\":\"https:\/\/metacosme.me\/index.php\/2021\/02\/11\/modeles-intelligence-et-douance\/#primaryimage\"},\"thumbnailUrl\":\"https:\/\/metacosme.me\/wp-content\/uploads\/2021\/02\/Equalizer-stars-tiny-carre-2.jpg\",\"datePublished\":\"2021-02-11T14:55:31+00:00\",\"dateModified\":\"2021-03-20T14:33:58+00:00\",\"description\":\"Il existe de nombreuses fa\u00e7ons pour une personne (surdou\u00e9e ou non) d\u2019exprimer ses facult\u00e9s mentales qu\u2019un test de QI seul ne peut mesurer.\",\"breadcrumb\":{\"@id\":\"https:\/\/metacosme.me\/index.php\/2021\/02\/11\/modeles-intelligence-et-douance\/#breadcrumb\"},\"inLanguage\":\"fr-FR\",\"potentialAction\":[{\"@type\":\"ReadAction\",\"target\":[\"https:\/\/metacosme.me\/index.php\/2021\/02\/11\/modeles-intelligence-et-douance\/\"]}]},{\"@type\":\"ImageObject\",\"inLanguage\":\"fr-FR\",\"@id\":\"https:\/\/metacosme.me\/index.php\/2021\/02\/11\/modeles-intelligence-et-douance\/#primaryimage\",\"url\":\"https:\/\/metacosme.me\/wp-content\/uploads\/2021\/02\/Equalizer-stars-tiny-carre-2.jpg\",\"contentUrl\":\"https:\/\/metacosme.me\/wp-content\/uploads\/2021\/02\/Equalizer-stars-tiny-carre-2.jpg\",\"width\":236,\"height\":310,\"caption\":\"Mod\u00e8les d'intelligence\"},{\"@type\":\"BreadcrumbList\",\"@id\":\"https:\/\/metacosme.me\/index.php\/2021\/02\/11\/modeles-intelligence-et-douance\/#breadcrumb\",\"itemListElement\":[{\"@type\":\"ListItem\",\"position\":1,\"name\":\"Accueil\",\"item\":\"https:\/\/metacosme.me\/\"},{\"@type\":\"ListItem\",\"position\":2,\"name\":\"Quel(s) mod\u00e8le(s) pour comprendre l\u2019intelligence et la douance ?\"}]},{\"@type\":\"WebSite\",\"@id\":\"https:\/\/metacosme.me\/#website\",\"url\":\"https:\/\/metacosme.me\/\",\"name\":\"Metacosme\",\"description\":\"\",\"publisher\":{\"@id\":\"https:\/\/metacosme.me\/#\/schema\/person\/5afbcafa721d23568101319b102753a2\"},\"potentialAction\":[{\"@type\":\"SearchAction\",\"target\":{\"@type\":\"EntryPoint\",\"urlTemplate\":\"https:\/\/metacosme.me\/?s={search_term_string}\"},\"query-input\":{\"@type\":\"PropertyValueSpecification\",\"valueRequired\":true,\"valueName\":\"search_term_string\"}}],\"inLanguage\":\"fr-FR\"},{\"@type\":[\"Person\",\"Organization\"],\"@id\":\"https:\/\/metacosme.me\/#\/schema\/person\/5afbcafa721d23568101319b102753a2\",\"name\":\"Isabelle\",\"image\":{\"@type\":\"ImageObject\",\"inLanguage\":\"fr-FR\",\"@id\":\"https:\/\/metacosme.me\/#\/schema\/person\/image\/\",\"url\":\"https:\/\/secure.gravatar.com\/avatar\/9fe1e2c9e7efb129e330c04b7831b190a08a0cb4f2a8ac8721bdb6a55e70ee09?s=96&d=mm&r=g\",\"contentUrl\":\"https:\/\/secure.gravatar.com\/avatar\/9fe1e2c9e7efb129e330c04b7831b190a08a0cb4f2a8ac8721bdb6a55e70ee09?s=96&d=mm&r=g\",\"caption\":\"Isabelle\"},\"logo\":{\"@id\":\"https:\/\/metacosme.me\/#\/schema\/person\/image\/\"},\"sameAs\":[\"http:\/\/www.metacosme.me\"]}]}<\/script>\n<!-- \/ Yoast SEO plugin. -->","yoast_head_json":{"title":"Quel(s) mod\u00e8le(s) pour comprendre l\u2019intelligence et la douance ? - Metacosme","description":"Il existe de nombreuses fa\u00e7ons pour une personne (surdou\u00e9e ou non) d\u2019exprimer ses facult\u00e9s mentales qu\u2019un test de QI seul ne peut mesurer.","robots":{"index":"index","follow":"follow","max-snippet":"max-snippet:-1","max-image-preview":"max-image-preview:large","max-video-preview":"max-video-preview:-1"},"canonical":"https:\/\/metacosme.me\/index.php\/2021\/02\/11\/modeles-intelligence-et-douance\/","og_locale":"fr_FR","og_type":"article","og_title":"Quel(s) mod\u00e8le(s) pour comprendre l\u2019intelligence et la douance ? - Metacosme","og_description":"Il existe de nombreuses fa\u00e7ons pour une personne (surdou\u00e9e ou non) d\u2019exprimer ses facult\u00e9s mentales qu\u2019un test de QI seul ne peut mesurer.","og_url":"https:\/\/metacosme.me\/index.php\/2021\/02\/11\/modeles-intelligence-et-douance\/","og_site_name":"Metacosme","article_published_time":"2021-02-11T14:55:31+00:00","article_modified_time":"2021-03-20T14:33:58+00:00","og_image":[{"width":236,"height":310,"url":"https:\/\/metacosme.me\/wp-content\/uploads\/2021\/02\/Equalizer-stars-tiny-carre-2.jpg","type":"image\/jpeg"}],"author":"Isabelle","twitter_card":"summary_large_image","twitter_misc":{"\u00c9crit par":"Isabelle","Dur\u00e9e de lecture estim\u00e9e":"12 minutes"},"schema":{"@context":"https:\/\/schema.org","@graph":[{"@type":"Article","@id":"https:\/\/metacosme.me\/index.php\/2021\/02\/11\/modeles-intelligence-et-douance\/#article","isPartOf":{"@id":"https:\/\/metacosme.me\/index.php\/2021\/02\/11\/modeles-intelligence-et-douance\/"},"author":{"name":"Isabelle","@id":"https:\/\/metacosme.me\/#\/schema\/person\/5afbcafa721d23568101319b102753a2"},"headline":"Quel(s) mod\u00e8le(s) pour comprendre l\u2019intelligence et la douance ?","datePublished":"2021-02-11T14:55:31+00:00","dateModified":"2021-03-20T14:33:58+00:00","mainEntityOfPage":{"@id":"https:\/\/metacosme.me\/index.php\/2021\/02\/11\/modeles-intelligence-et-douance\/"},"wordCount":3220,"commentCount":2,"publisher":{"@id":"https:\/\/metacosme.me\/#\/schema\/person\/5afbcafa721d23568101319b102753a2"},"image":{"@id":"https:\/\/metacosme.me\/index.php\/2021\/02\/11\/modeles-intelligence-et-douance\/#primaryimage"},"thumbnailUrl":"https:\/\/metacosme.me\/wp-content\/uploads\/2021\/02\/Equalizer-stars-tiny-carre-2.jpg","articleSection":["Douance"],"inLanguage":"fr-FR","potentialAction":[{"@type":"CommentAction","name":"Comment","target":["https:\/\/metacosme.me\/index.php\/2021\/02\/11\/modeles-intelligence-et-douance\/#respond"]}]},{"@type":"WebPage","@id":"https:\/\/metacosme.me\/index.php\/2021\/02\/11\/modeles-intelligence-et-douance\/","url":"https:\/\/metacosme.me\/index.php\/2021\/02\/11\/modeles-intelligence-et-douance\/","name":"Quel(s) mod\u00e8le(s) pour comprendre l\u2019intelligence et la douance ? - Metacosme","isPartOf":{"@id":"https:\/\/metacosme.me\/#website"},"primaryImageOfPage":{"@id":"https:\/\/metacosme.me\/index.php\/2021\/02\/11\/modeles-intelligence-et-douance\/#primaryimage"},"image":{"@id":"https:\/\/metacosme.me\/index.php\/2021\/02\/11\/modeles-intelligence-et-douance\/#primaryimage"},"thumbnailUrl":"https:\/\/metacosme.me\/wp-content\/uploads\/2021\/02\/Equalizer-stars-tiny-carre-2.jpg","datePublished":"2021-02-11T14:55:31+00:00","dateModified":"2021-03-20T14:33:58+00:00","description":"Il existe de nombreuses fa\u00e7ons pour une personne (surdou\u00e9e ou non) d\u2019exprimer ses facult\u00e9s mentales qu\u2019un test de QI seul ne peut mesurer.","breadcrumb":{"@id":"https:\/\/metacosme.me\/index.php\/2021\/02\/11\/modeles-intelligence-et-douance\/#breadcrumb"},"inLanguage":"fr-FR","potentialAction":[{"@type":"ReadAction","target":["https:\/\/metacosme.me\/index.php\/2021\/02\/11\/modeles-intelligence-et-douance\/"]}]},{"@type":"ImageObject","inLanguage":"fr-FR","@id":"https:\/\/metacosme.me\/index.php\/2021\/02\/11\/modeles-intelligence-et-douance\/#primaryimage","url":"https:\/\/metacosme.me\/wp-content\/uploads\/2021\/02\/Equalizer-stars-tiny-carre-2.jpg","contentUrl":"https:\/\/metacosme.me\/wp-content\/uploads\/2021\/02\/Equalizer-stars-tiny-carre-2.jpg","width":236,"height":310,"caption":"Mod\u00e8les d'intelligence"},{"@type":"BreadcrumbList","@id":"https:\/\/metacosme.me\/index.php\/2021\/02\/11\/modeles-intelligence-et-douance\/#breadcrumb","itemListElement":[{"@type":"ListItem","position":1,"name":"Accueil","item":"https:\/\/metacosme.me\/"},{"@type":"ListItem","position":2,"name":"Quel(s) mod\u00e8le(s) pour comprendre l\u2019intelligence et la douance ?"}]},{"@type":"WebSite","@id":"https:\/\/metacosme.me\/#website","url":"https:\/\/metacosme.me\/","name":"Metacosme","description":"","publisher":{"@id":"https:\/\/metacosme.me\/#\/schema\/person\/5afbcafa721d23568101319b102753a2"},"potentialAction":[{"@type":"SearchAction","target":{"@type":"EntryPoint","urlTemplate":"https:\/\/metacosme.me\/?s={search_term_string}"},"query-input":{"@type":"PropertyValueSpecification","valueRequired":true,"valueName":"search_term_string"}}],"inLanguage":"fr-FR"},{"@type":["Person","Organization"],"@id":"https:\/\/metacosme.me\/#\/schema\/person\/5afbcafa721d23568101319b102753a2","name":"Isabelle","image":{"@type":"ImageObject","inLanguage":"fr-FR","@id":"https:\/\/metacosme.me\/#\/schema\/person\/image\/","url":"https:\/\/secure.gravatar.com\/avatar\/9fe1e2c9e7efb129e330c04b7831b190a08a0cb4f2a8ac8721bdb6a55e70ee09?s=96&d=mm&r=g","contentUrl":"https:\/\/secure.gravatar.com\/avatar\/9fe1e2c9e7efb129e330c04b7831b190a08a0cb4f2a8ac8721bdb6a55e70ee09?s=96&d=mm&r=g","caption":"Isabelle"},"logo":{"@id":"https:\/\/metacosme.me\/#\/schema\/person\/image\/"},"sameAs":["http:\/\/www.metacosme.me"]}]}},"jetpack_featured_media_url":"https:\/\/metacosme.me\/wp-content\/uploads\/2021\/02\/Equalizer-stars-tiny-carre-2.jpg","jetpack_sharing_enabled":true,"_links":{"self":[{"href":"https:\/\/metacosme.me\/index.php\/wp-json\/wp\/v2\/posts\/160","targetHints":{"allow":["GET"]}}],"collection":[{"href":"https:\/\/metacosme.me\/index.php\/wp-json\/wp\/v2\/posts"}],"about":[{"href":"https:\/\/metacosme.me\/index.php\/wp-json\/wp\/v2\/types\/post"}],"author":[{"embeddable":true,"href":"https:\/\/metacosme.me\/index.php\/wp-json\/wp\/v2\/users\/2"}],"replies":[{"embeddable":true,"href":"https:\/\/metacosme.me\/index.php\/wp-json\/wp\/v2\/comments?post=160"}],"version-history":[{"count":5,"href":"https:\/\/metacosme.me\/index.php\/wp-json\/wp\/v2\/posts\/160\/revisions"}],"predecessor-version":[{"id":250,"href":"https:\/\/metacosme.me\/index.php\/wp-json\/wp\/v2\/posts\/160\/revisions\/250"}],"wp:featuredmedia":[{"embeddable":true,"href":"https:\/\/metacosme.me\/index.php\/wp-json\/wp\/v2\/media\/169"}],"wp:attachment":[{"href":"https:\/\/metacosme.me\/index.php\/wp-json\/wp\/v2\/media?parent=160"}],"wp:term":[{"taxonomy":"category","embeddable":true,"href":"https:\/\/metacosme.me\/index.php\/wp-json\/wp\/v2\/categories?post=160"},{"taxonomy":"post_tag","embeddable":true,"href":"https:\/\/metacosme.me\/index.php\/wp-json\/wp\/v2\/tags?post=160"}],"curies":[{"name":"wp","href":"https:\/\/api.w.org\/{rel}","templated":true}]}}