{"id":102,"date":"2021-02-05T18:28:37","date_gmt":"2021-02-05T17:28:37","guid":{"rendered":"https:\/\/metacosme.me\/?p=102"},"modified":"2023-12-18T20:40:33","modified_gmt":"2023-12-18T19:40:33","slug":"theorie-de-la-desintegration-positive-de-dabrowski","status":"publish","type":"post","link":"https:\/\/metacosme.me\/index.php\/2021\/02\/05\/theorie-de-la-desintegration-positive-de-dabrowski\/","title":{"rendered":"Th\u00e9orie de la D\u00e9sint\u00e9gration Positive de Dabrowski"},"content":{"rendered":"\n<p class=\"has-text-align-justify\">Qu\u2019est-ce qu\u2019il peut bien y avoir de positif dans une d\u00e9sint\u00e9gration&nbsp;? C\u2019est clair que ce n\u2019est pas n\u00e9cessairement intuitif. Peut-\u00eatre que vous vous \u00eates d\u00e9j\u00e0 pos\u00e9 la question en lisant l\u2019article sur la <a href=\"https:\/\/metacosme.me\/index.php\/2021\/02\/05\/haut-potentiel-daccord-et-apres\/\" target=\"_blank\" rel=\"noreferrer noopener\">d\u00e9couverte de la douance \u00e0 l\u2019\u00e2ge adulte<\/a> et que vous en avez \u00e0 pr\u00e9sent une vague id\u00e9e. Quoi qu\u2019il en soit, une clarification s\u2019impose donc.<\/p>\n\n\n\n<p class=\"has-text-align-justify\">Mais cela va devoir se m\u00e9riter, car la Th\u00e9orie de la D\u00e9sint\u00e9gration Positive de Dabrowski (TPD en abr\u00e9g\u00e9) repose sur de nombreux concepts qui lui sont sp\u00e9cifiques et qu\u2019il est bon d\u2019aborder avant d\u2019en arriver au c\u0153ur du sujet&nbsp;; il est difficile de la simplifier sans exc\u00e8s. Par ailleurs, plusieurs articles traiteront de sujets qui d\u00e9rivent directement des travaux de Dabrowski et de ses successeurs, alors pour pouvoir les aborder sereinement et avec toute la nuance requise, autant \u00eatre suffisamment pr\u00e9cis ici. Et vous \u00eates des esprits curieux, alors allons-y.<\/p>\n\n\n\n<h2 class=\"wp-block-heading\"><strong>Une br\u00e8ve biographie de Kazimierz Dabrowski<\/strong><\/h2>\n\n\n\n<p class=\"has-text-align-justify\">Kazimierz Dabrowski \u00e9tait un psychiatre et psychologue, n\u00e9 en Pologne en 1902. D\u00e8s ses jeunes ann\u00e9es, au cours de la Premi\u00e8re Guerre Mondiale, il avait \u00e9t\u00e9 en premi\u00e8re ligne pour observer la barbarie dont certaines personnes sont capables dans de telles circonstances. Dans le m\u00eame temps, il se rendit compte que les champs de bataille \u00e9taient \u00e9galement des th\u00e9\u00e2tres o\u00f9 se jouaient des sc\u00e8nes d\u2019un grand h\u00e9ro\u00efsme. Cette double constatation fut \u00e0 l\u2019origine de sa d\u00e9termination \u00e0 trouver une explication \u00e0 un tel paradoxe. Mentant sur son \u00e2ge, il s\u2019inscrivit \u00e0 16 ans \u00e0 l\u2019universit\u00e9, d\u2019abord pour \u00e9tudier le polonais, puis ensuite la m\u00e9decine. Un nouvel \u00e9v\u00e9nement tragique marqua cette \u00e9poque de sa vie, \u00e0 savoir le suicide d\u2019un de ses meilleurs amis, qui le poussa \u00e0 choisir une sp\u00e9cialisation en psychologie et psychiatrie. Il devait encore vivre un autre conflit mondial, lui aussi avec son lot d\u2019atrocit\u00e9s, et \u00eatre incarc\u00e9r\u00e9 sous le r\u00e9gime stalinien avant de pouvoir sereinement s\u2019adonner \u00e0 sa pratique et \u00e0 ses recherches.<\/p>\n\n\n\n<p class=\"has-text-align-justify\">Dabrowski s\u2019int\u00e9ressa au cours de sa carri\u00e8re \u00e0 de nombreux personnages historiques dont la personnalit\u00e9 et le caract\u00e8re \u00e9taient g\u00e9n\u00e9ralement reconnus comme exceptionnels. Cette liste comprenait des noms tels que le pr\u00e9sident am\u00e9ricain Abraham Lincoln ou Antoine de Saint-Exup\u00e9ry. On pourrait y ajouter la Premi\u00e8re Dame Eleanor Roosevelt, Socrate ou Gandhi. Un certain ensemble de traits caract\u00e9risaient ces individus. Ils avaient tous \u00e9t\u00e9 en d\u00e9saccord, voire en conflit, avec les normes de la soci\u00e9t\u00e9 de leur \u00e9poque et avaient tous ressenti des tourments internes, tels que l\u2019anxi\u00e9t\u00e9, l\u2019ins\u00e9curit\u00e9 et la d\u00e9pression. N\u00e9anmoins, ils avaient persist\u00e9 courageusement \u00e0 affirmer leurs propres valeurs et leur propre personnalit\u00e9, quitte pour certains \u00e0 y perdre la vie. Cela ajoutait une autre question \u00e0 celles dont Dabrowski s\u2019occupait d\u00e9j\u00e0&nbsp;: quelle force poussait ces personnes au tableau psychologique traditionnellement vu comme perturb\u00e9 \u00e0 agir et avoir un impact positif sur le monde, alors que d\u2019autres sombraient et pouvaient aller jusqu\u2019au suicide, comme son ami jadis&nbsp;? Autrement dit, comment une d\u00e9sint\u00e9gration peut-elle \u00eatre soit positive soit n\u00e9gative&nbsp;?<\/p>\n\n\n\n<h2 class=\"wp-block-heading\"><strong>La TPD, une \u00ab&nbsp;th\u00e9orie de th\u00e9ories&nbsp;\u00bb<\/strong><\/h2>\n\n\n\n<p class=\"has-text-align-justify\">Aucune th\u00e9orie pr\u00e9existante ne permettait \u00e0 Dabrowski de r\u00e9pondre \u00e0 ses questions. Il reprit donc tous les \u00e9l\u00e9ments n\u00e9cessaires \u00e0 la base. Il est difficile de savoir dans quel ordre il d\u00e9veloppa les composants qui formeraient la TPD. Peut-\u00eatre est-ce m\u00eame un ensemble qui a \u00e9merg\u00e9 par pans entiers, impossible de savoir. On va juste essayer d\u2019\u00eatre logique et clair. Les termes propres \u00e0 la th\u00e9orie, qui ont parfois un sens l\u00e9g\u00e8rement diff\u00e9rent de leur acception commune, sont mis en \u00e9vidence en italique.<\/p>\n\n\n\n<p class=\"has-text-align-justify\">En analysant les biographies des personnes qu\u2019il \u00e9tudiait, Dabrowski a constat\u00e9 qu\u2019\u00e0 un certain moment leurs valeurs int\u00e9rieures \u00e9taient entr\u00e9es en conflit avec celles, ext\u00e9rieures, qu\u2019ils avaient adopt\u00e9es et int\u00e9gr\u00e9es jusque-l\u00e0, g\u00e9n\u00e9ralement celles de leur famille ou de leur milieu social en conclut qu\u2019il existait un <strong><em>niveau d\u2019int\u00e9gration primaire<\/em><\/strong> qui r\u00e9sulte de notre \u00e9ducation, et qu\u2019un ph\u00e9nom\u00e8ne de <strong><em>d\u00e9sint\u00e9gration<\/em><\/strong> se produit chez certains individus. <em>D\u00e9sint\u00e9gration<\/em> est bien le terme, car les d\u00e9veloppements qui tendent vers une nouvelle int\u00e9gration rendent n\u00e9cessaires la dissolution des structures psychologiques ant\u00e9rieures. Il n\u2019y a donc pas de construction par-dessus les structures inf\u00e9rieures et plus anciennes selon ce mod\u00e8le. Apr\u00e8s avoir franchi les cinq <strong><em>niveaux de d\u00e9veloppement <\/em><\/strong>que compte la TPD, le sujet pourra atteindre un <strong><em>niveau d\u2019int\u00e9gration secondaire<\/em><\/strong>, dans lequel il vivra selon les valeurs qu\u2019il a lui-m\u00eame choisies, et qui repr\u00e9sente son <strong><em>id\u00e9al de personnalit\u00e9<\/em><\/strong>. Une fois lanc\u00e9 le processus de d\u00e9sint\u00e9gration, le passage d\u2019un niveau \u00e0 un autre a pour moteur une s\u00e9rie de <strong><em>dynamismes<\/em><\/strong>, qui r\u00e9sultent de conflits internes.<\/p>\n\n\n\n<p class=\"has-text-align-justify\">Il est important de noter que dans la terminologie de Dabrowski la <em>personnalit\u00e9<\/em> n\u2019est pas quelque chose d\u2019inn\u00e9, mais au contraire quelque chose d\u2019acquis&nbsp;; le sujet se la <em>cr\u00e9e<\/em>. Bien s\u00fbr, nous avons des caract\u00e9ristiques qui sont pr\u00e9sentes \u00e0 la naissance, qui nous distinguent et forment l\u2019<em>individualit\u00e9<\/em>. Mais au niveau d\u2019int\u00e9gration primaire, caract\u00e9ris\u00e9 par la conformit\u00e9 \u00e0 des normes ext\u00e9rieures, la <em>personnalit\u00e9<\/em> est peu ou pas d\u00e9velopp\u00e9e. C\u2019est seulement une fois que l\u2019<em>id\u00e9al<\/em> est d\u00e9termin\u00e9 que l\u2019individu devient unique en acqu\u00e9rant <em>sa <\/em>personnalit\u00e9. Une fois qu\u2019il vit en restant fid\u00e8le \u00e0 son id\u00e9al, son comportement peut \u00eatre qualifi\u00e9 d&rsquo;<em>authentique<\/em>. La TPD est donc une \u00ab&nbsp;t<em>h\u00e9orie du d\u00e9veloppement de la personnalit\u00e9<\/em>&nbsp;\u00bb.<\/p>\n\n\n\n<p class=\"has-text-align-justify\">Il y a encore une question en suspens, \u00e0 savoir&nbsp;: qu\u2019est-ce qui am\u00e8ne certaines personnes et pas d\u2019autres vers la d\u00e9sint\u00e9gration et puis vers l\u2019\u00e9volution&nbsp;? Pour r\u00e9pondre, le psychiatre a cr\u00e9\u00e9 la notion de <strong><em>potentiel de d\u00e9veloppement<\/em><\/strong>. Ce potentiel est influenc\u00e9 par de tr\u00e8s nombreux \u00e9l\u00e9ments. Parmi eux, il y a les <strong><em>3 facteurs de d\u00e9veloppement&nbsp;<\/em><\/strong>: le <strong><em>1<sup>er<\/sup> facteur<\/em><\/strong> est compos\u00e9 de traits inn\u00e9s (en gros, l\u2019<em>individualit\u00e9<\/em> et les pulsions biologiques)&nbsp;; le <strong><em>2<sup>\u00e8me<\/sup> facteur<\/em><\/strong> qui regroupe les influences environnementales, et le myst\u00e9rieux <strong><em>3<sup>\u00e8me<\/sup> facteur<\/em> <\/strong>(qu\u2019on serait tent\u00e9 d\u2019appeler \u00ab&nbsp;<em>tiers facteur<\/em>&nbsp;\u00bb) qui est cet ind\u00e9finissable quelque chose qui nous pousse \u00e0 devenir une meilleure version de nous-m\u00eames. Les <strong><em>dynamismes<\/em><\/strong> \u00e9voqu\u00e9s plus haut sont intimement li\u00e9s au <em>potentiel de d\u00e9veloppement<\/em>. Dabrowski consid\u00e9rait par ailleurs que \u00ab&nbsp;<em>des aptitudes sp\u00e9ciales et des talents<\/em>&nbsp;\u00bb contribuaient \u00e0 ce dernier.<\/p>\n\n\n\n<p class=\"has-text-align-justify\">Les <strong><em>hyperstimulabilit\u00e9s <\/em><\/strong>(ou <em>hyperexcitabilit\u00e9s<\/em>) contribuent \u00e9galement au <em>potentiel de d\u00e9veloppement <\/em>&nbsp;et jouent un r\u00f4le dans le d\u00e9clenchement de la d\u00e9sint\u00e9gration positive. On les d\u00e9finit comme une tendance inn\u00e9e \u00e0 r\u00e9pondre d\u2019une mani\u00e8re intensifi\u00e9e (c\u2019est-\u00e0-dire sup\u00e9rieure \u00e0 la norme statistique) \u00e0 diverses formes de stimuli, \u00e0 la fois internes et externes. Elles se d\u00e9clinent selon cinq cat\u00e9gories&nbsp;: <em>hyperstimulabilit\u00e9s psychomotrices, sensorielles<\/em>, <em>intellectuelles<\/em>, \u00ab&nbsp;<em>imaginationnelles<\/em>&nbsp;\u00bb (j\u2019utilise ici un n\u00e9ologisme d\u00e9riv\u00e9 de l\u2019anglais&nbsp;; on traduit souvent par \u00ab&nbsp;imaginative&nbsp;\u00bb faute d\u2019un mot fran\u00e7ais qui ait le sens appropri\u00e9, mais cela ne me semble pas convenir) et <em>\u00e9motionnelles<\/em>. Les <em>hyperstimulabilit\u00e9s<\/em> ne sont pas pr\u00e9sentes chez tous les individus, de m\u00eame que le potentiel de d\u00e9veloppement, et lorsqu\u2019elles apparaissent elles ne sont pas n\u00e9cessairement distribu\u00e9es de mani\u00e8re \u00e9gale sur les cinq modalit\u00e9s possibles. Les formes <em>\u00e9motionnelle<\/em>, <em>imaginationnelle<\/em>, et <em>intellectuelle<\/em> semblent jouer les plus grands r\u00f4les dans la TPD, car elles permettent de percevoir avec plus d\u2019acuit\u00e9 un manque de coh\u00e9rence entre nos valeurs personnelles et les valeurs ambiantes, d\u2019imaginer ce qui pourrait \u00eatre et de r\u00e9colter et analyser les informations pertinentes \u00e0 notre compr\u00e9hension. A elles seules, elles ne peuvent expliquer tous les ph\u00e9nom\u00e8nes n\u00e9cessaires \u00e0 la th\u00e9orie dans son ensemble, mais elles en sont un ingr\u00e9dient primordial. (Etant d\u2019un int\u00e9r\u00eat particulier en lien avec la douance, <a href=\"https:\/\/metacosme.me\/index.php\/2021\/02\/05\/les-hyperstimulabilites\/\" target=\"_blank\" rel=\"noreferrer noopener\">les hyperstimulabilit\u00e9s sont pr\u00e9sent\u00e9es plus en d\u00e9tail dans un article s\u00e9par\u00e9<\/a>.)<\/p>\n\n\n\n<p class=\"has-text-align-justify\">Tout le monde n\u2019est donc pas enclin \u00e0 remettre en cause ce qui forme son <em>niveau d\u2019int\u00e9gration primaire<\/em>. C\u2019est pourquoi la d\u00e9sint\u00e9gration (peut-\u00eatre \u00e0 terme positive) n\u2019est pas syst\u00e9matique. Mais m\u00eame une fois engag\u00e9 sur cette voie, il n\u2019est pas garanti d\u2019atteindre le <em>niveau d\u2019int\u00e9gration secondaire<\/em>. Il arrive qu\u2019une r\u00e9int\u00e9gration \u00e0 un niveau inf\u00e9rieur se produise ou encore qu\u2019une int\u00e9gration partielle \u00e0 un niveau interm\u00e9diaire se mette en place. Et n\u2019oublions pas que dans certains cas malheureux, la d\u00e9sint\u00e9gration finit par \u00eatre carr\u00e9ment <em>n\u00e9gative<\/em>, ce qui peut m\u00eame aboutir au suicide. Un soutien psychologique est souhaitable dans ce genre de processus et il faut rester vigilent. N\u00e9anmoins, les personnages \u00e9tudi\u00e9s par Dabrowski ont tous fait l\u2019exp\u00e9rience de l\u2019anxi\u00e9t\u00e9 ou de la d\u00e9pression&nbsp;; on ne peut apparemment en faire l\u2019\u00e9conomie dans le processus. Quoi qu\u2019il en soit, on ne choisit pas consciemment la voie de la d\u00e9sint\u00e9gration&nbsp;; cela \u00ab&nbsp;arrive&nbsp;\u00bb, en fonction d\u2019une certaine conjonction des facteurs \u00e9voqu\u00e9s ci-dessus, d\u2019une fa\u00e7on spontan\u00e9e.<\/p>\n\n\n\n<h2 class=\"wp-block-heading\"><strong>Les niveaux d\u2019int\u00e9gration<\/strong><\/h2>\n\n\n\n<p class=\"has-text-align-justify\">Le d\u00e9veloppement selon les m\u00e9canismes de la TPD peut \u00eatre vu comme l\u2019ascension d\u2019une imposante montagne. L\u00e0 on parle du Mont Blanc, de sommets de la Cordill\u00e8re des Andes ou de l\u2019Himalaya, pas d\u2019une petite promenade de sant\u00e9, ni m\u00eame d\u2019une excursion d\u2019une journ\u00e9e. Ce n\u2019est pas facile, il faut \u00eatre motiv\u00e9 et il y a des dangers.<\/p>\n\n\n\n<h3 class=\"wp-block-heading\">Niveau 1 &#8211; L\u2019int\u00e9gration primaire<\/h3>\n\n\n\n<p class=\"has-text-align-justify\">Pour le moment, la montagne n\u2019est au mieux qu\u2019un \u00e9l\u00e9ment de d\u00e9cor au loin dans le paysage. C\u2019est le seul niveau que conna\u00eetra la majorit\u00e9 de la population, y compris des tas de gens formidables. Les personnes qui en restent \u00e0 leur premier niveau d\u2019int\u00e9gration sont g\u00e9n\u00e9ralement bien adapt\u00e9es \u00e0 leur environnement, \u00e0 la Soci\u00e9t\u00e9 \u00e0 laquelle elles appartiennent. Elles ont plus ou moins bien int\u00e9rioris\u00e9 les valeurs pr\u00e9dominantes et ne les remettent pas fondamentalement en question&nbsp;; leur influence principale est le <em>2<sup>\u00e8me<\/sup> facteur<\/em> \u00e9voqu\u00e9 plus haut. M\u00eame si parfois elles sont tiraill\u00e9es ou insatisfaites, elles ressentent peu le besoin d\u2019introspection et ont peu de conflits internes, ce qui se manifeste par une absence de croissance interne ou d\u2019un quelconque <em>dynamisme<\/em>. De mani\u00e8re g\u00e9n\u00e9rale, le niveau d\u2019empathie est assez faible \u00e0 ce niveau.<\/p>\n\n\n\n<p class=\"has-text-align-justify\">Se conformer aux normes n\u2019est pas mauvais en soi&nbsp;; mais \u00e0 l\u2019exc\u00e8s cela peut mener aux comportements aberrants de personnes tout \u00e0 fait normales dans des circonstances telles que la Seconde Guerre Mondiale, o\u00f9 certains se sont transform\u00e9s en barbares et ont affirm\u00e9 qu\u2019ils avaient \u00ab&nbsp;simplement suivi les ordres&nbsp;\u00bb. Tout d\u00e9pend bien s\u00fbr de l\u2019\u00e9ducation et du contexte particulier dans lequel \u00e9voluaient ces gens, mais dans le cadre de la TPD, ils se trouvent n\u00e9cessairement au stade de l\u2019int\u00e9gration primaire. C\u2019est \u00e9galement le cas de ceux qui seraient identifi\u00e9s comme \u00ab&nbsp;psychopathes&nbsp;\u00bb&nbsp;; ils sont quant \u00e0 eux sont enti\u00e8rement domin\u00e9s par le <em>1<sup>er<\/sup> facteur<\/em>, qui les pousse \u00e0 ne se pr\u00e9occuper que de leur satisfaction personnelle.<\/p>\n\n\n\n<h3 class=\"wp-block-heading\">Niveau 2 \u2013 Phase de d\u00e9sint\u00e9gration \u00e0 niveau unique<\/h3>\n\n\n\n<p class=\"has-text-align-justify\">Cette phase se rencontre par exemple lors de l\u2019adolescence, de la m\u00e9nopause, du moment o\u00f9 l\u2019on prend sa retraite et de mani\u00e8re g\u00e9n\u00e9rale \u00e0 chaque fois que l\u2019on passe par une \u00ab&nbsp;crise&nbsp;\u00bb, un cap qui demande un ajustement. Des tensions internes commencent \u00e0 appara\u00eetre, mais les individus restent sous l\u2019influence de leur groupe social et des valeurs pr\u00e9dominantes. Ils sont confront\u00e9s \u00e0 des doutes et de l\u2019insatisfaction par rapport \u00e0 leur situation. Mais en l\u2019absence de tension \u00ab&nbsp;verticale&nbsp;\u00bb entre le \u00ab&nbsp;soi&nbsp;\u00bb tel qu\u2019il est et une version plus \u00e9lev\u00e9e du \u00ab&nbsp;soi&nbsp;\u00bb &#8211; que l\u2019on n\u2019entrevoit pas (encore), il n\u2019y aura pas de dynamique positive, et donc la r\u00e9int\u00e9gration ne peut se faire qu\u2019au m\u00eame niveau, c\u2019est-\u00e0-dire le premier, d\u2019o\u00f9 l\u2019on vient. Pour reprendre la m\u00e9taphore de la montagne, c\u2019est comme faire le tour de sa base, sans savoir qu\u2019il existe des chemins pour en faire l\u2019ascension. On reste donc \u00e0 l\u2019horizontale, c\u2019est pourquoi cette <em>d\u00e9sint\u00e9gration<\/em> est dite \u00ab&nbsp;<em>\u00e0 niveau unique<\/em>&nbsp;\u00bb.<\/p>\n\n\n\n<p class=\"has-text-align-justify\">Les personnes \u00e0 ce stade recherchent un changement, mais les possibilit\u00e9s qui s\u2019offrent \u00e0 elles sont d\u2019une valeur morale \u00e9gale \u00e0 leurs yeux, ainsi qu\u2019\u00e0 ceux de l\u2019environnement social. C\u2019est ce qui explique la difficult\u00e9 du choix, et qui cr\u00e9e cette fois un <em>dynamisme<\/em> aliment\u00e9 par <em>l\u2019ambivalence<\/em>, qui fait osciller les gens entre plusieurs lignes de conduite, et les fait tourner autour de la montagne.<\/p>\n\n\n\n<p class=\"has-text-align-justify\">Rester longtemps dans cette phase n\u2019est pas sans danger. Il peut \u00eatre tentant de masquer l\u2019inconfort de l\u2019insatisfaction par tout un tas de distractions, ou en utilisant des substances telles que des anxiolytiques ou de l\u2019alcool\u2026 On peut aussi basculer dans la d\u00e9pression. C\u2019est pourquoi il peut \u00eatre plus confortable, voire \u00ab&nbsp;raisonnable&nbsp;\u00bb, de se r\u00e9int\u00e9grer au niveau pr\u00e9c\u00e9dent plut\u00f4t que de risquer la <em>d\u00e9sint\u00e9gration n\u00e9gative<\/em>.<\/p>\n\n\n\n<p class=\"has-text-align-justify\">Toutefois, cette \u00e9tape est bien n\u00e9cessaire sur le chemin de ceux dont le <em>potentiel de d\u00e9veloppement<\/em> est suffisant pour entreprendre par la suite l\u2019ascension. Lorsque les prescriptions des sources d\u2019autorit\u00e9 nous semblent r\u00e9ellement ill\u00e9gitimes, que le conflit avec celles-ci devient \u00e9vident et que les tensions internes nous obligent \u00e0 r\u00e9agir, nous cherchons \u00e0 devenir notre propre autorit\u00e9. Pour ce faire, nous tentons de nous d\u00e9couvrir nous-m\u00eames, de devenir autonomes et de d\u00e9terminer une ligne de conduite qui cette fois aura une valeur morale sup\u00e9rieure \u00e0 nos yeux. C\u2019est alors que peut survenir le saut (quasi-quantique) vers le\u2026<\/p>\n\n\n\n<h3 class=\"wp-block-heading\">Niveau 3 \u2013 Phase de d\u00e9sint\u00e9gration spontan\u00e9e \u00e0 niveaux multiples<\/h3>\n\n\n\n<p class=\"has-text-align-justify\">Cette fois c\u2019est s\u00fbr, on a commenc\u00e9 \u00e0 grimper. C\u2019est presque comme si on avait \u00e9t\u00e9 t\u00e9l\u00e9port\u00e9 au d\u00e9but d\u2019un chemin qui commence au quart de l\u2019ascension, ou qu\u2019on avait pris l\u2019h\u00e9licopt\u00e8re jusqu\u2019au camp de base. Car rien que dans le passage du niveau 2 au niveau 3, une \u00e9l\u00e9vation a d\u00e9j\u00e0 eu lieu.<\/p>\n\n\n\n<p class=\"has-text-align-justify\">Ici commence l\u2019\u00e9mergence du <strong><em>milieu psychique interne<\/em><\/strong>. Il s\u2019agit du th\u00e9\u00e2tre de l\u2019introspection, des sentiments, de la pens\u00e9e ou encore de l\u2019imagination, qui ensemble nous permettent d\u2019envisager de nouvelles structures pour nous-m\u00eames. Il travaille de concert avec le fameux <em>troisi\u00e8me facteur<\/em>, qui nous pousse vers une meilleure version de nous-m\u00eames et nous permettra de faire les choix qui en d\u00e9coulent. Tous deux \u00e9taient jusque-l\u00e0 peu d\u00e9velopp\u00e9s ou latents et commencent \u00e0 se construire. Ils nous permettent d\u2019\u00e9valuer plusieurs lignes de conduite et de les classer selon leurs m\u00e9rites respectifs. Ce processus est nomm\u00e9 <strong><em>hi\u00e9rarchisation<\/em><\/strong>. C\u2019est \u00e0 cette hi\u00e9rarchie que se rapporte la d\u00e9nomination \u00ab&nbsp;<em>\u00e0 niveaux multiples<\/em>&nbsp;\u00bb. Le qualificatif \u00ab&nbsp;<em>spontan\u00e9<\/em>&nbsp;\u00bb se r\u00e9f\u00e8re quant \u00e0 lui au fait que les personnes \u00e0 ce stade n\u2019ont pas pris de d\u00e9cision consciente de s\u2019y engager, quel que soit le d\u00e9clencheur qui les y a amen\u00e9es (que ce soit un \u00e9v\u00e9nement ext\u00e9rieur ou int\u00e9rieur, comme le simple fait \u00ab&nbsp;d\u2019\u00eatre pr\u00eat&nbsp;\u00bb pour cela).<\/p>\n\n\n\n<p class=\"has-text-align-justify\">C\u2019est aussi ici qu\u2019apparaissent des <strong><em>psycho-n\u00e9vroses<\/em><\/strong>, qui sont des manifestations positives et n\u00e9cessaires, bien qu\u2019inconfortables, dans le cadre de la TPD. Elles trahissent le sentiment de manque d\u2019harmonie et des conflits entre le <em>milieu psychique interne <\/em>et l\u2019environnement externe. Elles refl\u00e8tent aussi l\u2019insatisfaction voire la tristesse que l\u2019on peut ressentir face au foss\u00e9 entre ce que l\u2019on est et ce que l\u2019on pourrait \u00eatre, entre notre comportement et nos valeurs en cours d\u2019auto-d\u00e9termination, \u00e0 mesure que notre <em>id\u00e9al de personnalit\u00e9<\/em> \u00e9merge. Il s\u2019agit en fait de <em>dynamismes<\/em> \u00e0 part enti\u00e8re. Elles ne sont donc pas pathologiques, et diff\u00e8rent des n\u00e9vroses traditionnelles ou de la d\u00e9pression. Bien qu\u2019un soutien psychologique puisse \u00eatre utile (le risque de <em>d\u00e9sint\u00e9gration n\u00e9gative<\/em> est toujours pr\u00e9sent), des praticiens non inform\u00e9s sur ce processus pourraient tenter de ramener leur patient vers un \u00e9tat plus neutre et m\u00eame de les \u00ab&nbsp;remettre dans le rang&nbsp;\u00bb, ce qui serait bien \u00e9videmment en fait une r\u00e9gression.<\/p>\n\n\n\n<p class=\"has-text-align-justify\">Ce bouillonnement psychique donne naissance \u00e0 de nombreux <em>dynamismes <\/em>(certains appartenant \u00e0 la cat\u00e9gorie des <em>psycho-n\u00e9vroses<\/em> et d\u2019autres non). Ils sont caract\u00e9ris\u00e9s par l\u2019<em>\u00e9tonnement<\/em>, l\u2019<em>insatisfaction<\/em> et le <em>m\u00e9contentement envers soi-m\u00eame<\/em>. La <em>honte<\/em> et la <em>culpabilit\u00e9<\/em> li\u00e9es \u00e0 l\u2019\u00e9chec per\u00e7u de ne pas encore vivre selon ses valeurs sont \u00e9galement des moteurs. L\u2019\u00e9vasif <em>3<sup>\u00e8me<\/sup> facteur<\/em> se joint lui aussi aux autres <em>dynamismes<\/em> pour pousser la personne vers l\u2019avant. Tous ensemble, ils forment un <em>m\u00e9ta-dynamisme <\/em>nomm\u00e9 \u00ab\u00a0<strong><em><a href=\"https:\/\/metacosme.me\/index.php\/2023\/12\/18\/malajustements-negatif-positif\/\" target=\"_blank\" rel=\"noreferrer noopener\">malajustement positif<\/a><\/em><\/strong>\u00a0\u00bb, un \u00ab\u00a0ajustement \u00e0 ce qui devrait et pourrait \u00eatre\u00a0\u00bb. Plusieurs citations int\u00e9ressantes existent \u00e0 ce sujet et l\u2019exemplifient, comme par exemple celle-ci qui est alternativement attribu\u00e9e \u00e0 Robert F. Kennedy (fr\u00e8re de J.F.K.) ou au dramaturge George Bernard Shaw\u00a0: \u00ab\u00a0Vous voyez des choses et vous demandez\u00a0: \u2018Pourquoi\u00a0?\u2019\u00a0; mais moi je r\u00eave de choses qui n\u2019ont jamais exist\u00e9 et je dis\u00a0: \u2018Pourquoi pas\u00a0?\u2019\u00a0\u00bb. De nouveau, il n\u2019y a rien de pathologique \u00e0 ce type de <em>malajustement<\/em>\u00a0; on peut notamment songer qu\u2019il n\u2019\u00e9tait pas mentalement sain d\u2019\u00eatre ajust\u00e9 au nazisme, alors que d\u2019y \u00eatre malajust\u00e9 l\u2019\u00e9tait probablement bien plus, malgr\u00e9 les autres risques que cela comportait.<\/p>\n\n\n\n<h3 class=\"wp-block-heading\">Niveau 4 \u2013 Phase organis\u00e9e de d\u00e9sint\u00e9gration \u00e0 niveaux multiples<\/h3>\n\n\n\n<p class=\"has-text-align-justify\">On avait \u00e9t\u00e9 t\u00e9l\u00e9port\u00e9 sur la montagne on ne sait trop comment, mais maintenant on prend les r\u00eanes de son exp\u00e9dition. Le sommet \u00e9tait peut-\u00eatre rendu invisible par le brouillard jusque-l\u00e0, mais il est dor\u00e9navant visible. \u00c7a ne veut pas dire pour autant qu\u2019on y est d\u00e9j\u00e0\u2026<\/p>\n\n\n\n<p class=\"has-text-align-justify\">Cette phase est dite \u00ab&nbsp;<em>organis\u00e9e<\/em>&nbsp;\u00bb parce que le sujet acquiert un contr\u00f4le conscient sur son d\u00e9veloppement et commence \u00e0 activement traduire ses valeurs en actes concrets. Ceci ne signifie pas toujours que la personne se rebelle de fa\u00e7on \u00e9vidente contre les valeurs ambiantes de la soci\u00e9t\u00e9. Cela peut \u00eatre le cas, comme les personnes qui ont cach\u00e9 des Juifs ou les ont aid\u00e9 \u00e0 fuir pendant la Seconde Guerre Mondiale au p\u00e9ril de leur propre vie (ce qui place les actes h\u00e9ro\u00efques au sujet desquels s\u2019interrogeait Dabrowski \u00e0 partir de ce niveau). L\u2019\u00e9volution peut \u00e9galement \u00eatre plus personnelle et calme, comme un changement de style de vie qui permette de s\u2019aligner avec sa conscience. Enfin, il est \u00e9galement possible que la personne embrasse tout \u00e0 fait les valeurs externes, mais cette fois en les int\u00e9grant par choix et non par peur d\u2019\u00eatre \u00e0 la marge (par exemple quelqu\u2019un qui adopterait les valeurs traditionnelles chr\u00e9tiennes ou bouddhistes dans lesquelles il a \u00e9t\u00e9 \u00e9lev\u00e9, mais apr\u00e8s avoir \u00e9valu\u00e9 leur pertinence par et pour lui-m\u00eame).<\/p>\n\n\n\n<p class=\"has-text-align-justify\">Ici encore de nombreux <em>dynamismes <\/em>sont \u00e0 l\u2019\u0153uvre et expliquent l\u2019\u00e9mergence d\u2019un certain contr\u00f4le sur le processus. L\u2019un des plus importants est la relation <strong><em>sujet-objet en soi-m\u00eame<\/em><\/strong>, qui permet d\u2019une part \u00e0 la personne de s\u2019examiner elle-m\u00eame comme si elle se voyait de l\u2019ext\u00e9rieur, et d\u2019autre part d\u2019envisager pleinement ceux qui l\u2019entourent en tant que sujets, avec leur propre psych\u00e9, et non uniquement en tant qu\u2019objet. Cela signifie qu\u2019une plus grande <em>empathie<\/em> peut se d\u00e9velopper, de m\u00eame qu\u2019une plus grande <em>compassion<\/em>, \u00e0 la fois envers soi-m\u00eame et envers les autres, ainsi qu\u2019un sens accru de la <em>responsabilit\u00e9<\/em> et de la <em>justice<\/em>. L\u2019<em><a href=\"https:\/\/metacosme.me\/index.php\/2021\/02\/05\/les-hyperstimulabilites\/\" target=\"_blank\" rel=\"noreferrer noopener\">hyperstimulabilit\u00e9 \u00e9motionnelle<\/a><\/em> est notamment associ\u00e9e \u00e0 ces ph\u00e9nom\u00e8nes. Il est \u00e0 noter que toutes ces modifications, loin de la mener \u00e0 s\u2019exclure du monde ou \u00e0 se reclure, rendent la personne d\u2019autant plus pro-sociale.<\/p>\n\n\n\n<p class=\"has-text-align-justify\">La vision <em>sujet-objet<\/em> et la tendance concomitante \u00e0 l\u2019<em>\u00e9ducation de soi-m\u00eame<\/em> vont main dans la main avec ce que Dabrowski nommait l\u2019<strong><em>autopsychoth\u00e9rapie<\/em><\/strong>, une capacit\u00e9 \u00e0 examiner et \u00e0 solutionner soi-m\u00eame ses d\u00e9s\u00e9quilibres mentaux en vue d\u2019atteindre un degr\u00e9 plus \u00e9lev\u00e9 de fonctionnement. A mesure que tout cela mijote, la sant\u00e9 mentale se trouve am\u00e9lior\u00e9e et les dangers encore pr\u00e9sents aux \u00e9tapes ant\u00e9rieures tendent \u00e0 se dissiper.<\/p>\n\n\n\n<h3 class=\"wp-block-heading\">Niveau 5 \u2013 Int\u00e9gration secondaire<\/h3>\n\n\n\n<p class=\"has-text-align-justify\">A cet ultime stade, le sommet de la montagne a \u00e9t\u00e9 atteint. L\u2019individu acquiert <em>sa personnalit\u00e9<\/em> et vit selon son <em>id\u00e9al.<\/em> Il est assez difficile de savoir exactement \u00e0 quoi cela ressemble ou qui a effectivement atteint ce niveau&nbsp;; Dabrowski lui-m\u00eame disait qu\u2019il n\u2019avait jamais personnellement rencontr\u00e9 quiconque qui y soit parvenu et la litt\u00e9rature est en fait peu prolixe sur ce niveau. Certainement existe-t-il tr\u00e8s peu de cas \u00e0 \u00e9tudier. Cela tient \u00e0 divers facteurs. Comme \u00e9voqu\u00e9 plus haut, seule une minorit\u00e9 de personnes s\u2019engagent dans l\u2019ascension et une fois qu\u2019elles sont sur le chemin, il n\u2019est pas sans danger, ce qui peut les renvoyer \u00e0 leur int\u00e9gration primaire. Il est \u00e9galement impossible de pr\u00e9voir combien de temps durera l\u2019exp\u00e9dition et donc si une vie y suffit toujours. Par ailleurs, personne ne va surgir et dire \u00ab&nbsp;Hey&nbsp;! Moi je l\u2019ai fait&nbsp;!&nbsp;\u00bb, d\u00e9j\u00e0 parce qu\u2019il est ardu de le d\u00e9terminer par soi-m\u00eame et aussi parce qu\u2019une telle personne n\u2019est probablement pas int\u00e9ress\u00e9e par la reconnaissance, les m\u00e9dailles ou les dipl\u00f4mes.<\/p>\n\n\n\n<p class=\"has-text-align-justify\">Il est toutefois vraisemblable que des personnages r\u00e9v\u00e9r\u00e9s par diverses religions aient atteint l\u2019int\u00e9gration secondaire, comme par exemple J\u00e9sus ou Buddha, mais comment s\u2019en assurer en l\u2019absence de sources historiques fiables (et alors que des concepts tels que la psychologie au sens o\u00f9 nous l\u2019entendons n\u2019avaient m\u00eame pas encore \u00e9t\u00e9 invent\u00e9s)&nbsp;? D\u2019autres exemples pourraient \u00eatre Jiddu Krishnamurti (penseur influent), William Wilberforce (artisan de l\u2019abolition de la Traite Transatlantique d\u2019Esclaves au Royaume-Uni) ou Eleanor Roosevelt, cit\u00e9e plus haut. La seule fa\u00e7on d\u2019inf\u00e9rer une telle conclusion est de se pencher sur leurs \u00e9crits ou leurs discours, mais cela ne constitue en aucun cas une preuve. Enfin, des personnes ayant atteint l\u2019<em>int\u00e9gration secondaire<\/em> vivent peut-\u00eatre tr\u00e8s sereinement une vie discr\u00e8te, ignorant tout de la th\u00e9orie de Dabrowski, de sorte que leur t\u00e9moignage et m\u00eame leur existence n\u2019arrivera jamais aux oreilles des chercheurs sp\u00e9cialis\u00e9s.<\/p>\n\n\n\n<p class=\"has-text-align-justify\">Toujours est-il que la th\u00e9orie, assigne \u00e0 ce stade plusieurs <em>dynamismes <\/em>tels que l\u2019<em>autonomie<\/em>, l\u2019<em>authenticit\u00e9<\/em>, l\u2019<em>activation de l\u2019id\u00e9al de personnalit\u00e9<\/em>, la <em>transcendance<\/em>, l\u2019<em>intuition<\/em> ou encore la <em>contemplation<\/em>.<\/p>\n\n\n\n<p class=\"has-text-align-justify\">Mon interpr\u00e9tation toute personnelle (j\u2019insiste, personnelle, ne faites pas dire \u00e0 Dabrowski et ses coll\u00e8gues ce qu\u2019ils n\u2019ont pas dit), c\u2019est que ce dernier stade ne donne probablement pas l\u2019impression \u00ab&nbsp;d\u2019\u00eatre arriv\u00e9&nbsp;\u00bb. (Ce n\u2019est pas non plus un t\u00e9moignage que je livre, parce que je serais bien en peine de dire o\u00f9 j\u2019en suis dans tout \u00e7a.) Tel que je le comprends, une nouvelle structuration psychique se met en place au fil des niveaux, donc il y a un aboutissement au processus en ce sens, et peut-\u00eatre les psychologues sont-ils en mesure d\u2019\u00e9valuer cela. Cela dit, pour avoir lu des ouvrages ou biographies de plusieurs personnes cit\u00e9es ci-avant, elles n\u2019ont jamais eu l\u2019impression que \u00ab&nbsp;\u00e7a y \u00e9tait&nbsp;\u00bb et qu\u2019elles avaient \u00ab&nbsp;atteint&nbsp;\u00bb quelque chose. Ils \u00e9voquent des doutes, des r\u00e9ajustements, un examen de soi et de sa conscience permanent tout au long de leur vie. Ces gens-l\u00e0 d\u2019ailleurs n\u2019ont jamais \u00ab&nbsp;pris leur retraite&nbsp;\u00bb. William Wilberforce, bien que tr\u00e8s serein \u00e0 la perspective de sa mort prochaine, militait encore pour l\u2019abolition de l\u2019esclavage quelques jours avant qu\u2019elle ne survienne. De m\u00eame, \u00e0 presque 90 ans, Krishnamurti donnait toujours plus d\u2019une centaine de conf\u00e9rences par an et n\u2019a cess\u00e9 qu\u2019un mois avant son d\u00e9c\u00e8s. Et Eleanor Roosevelt a poursuivi ses activit\u00e9s, notamment en faveur des Droits de l\u2019Homme, tant que sa sant\u00e9 le lui a permis. Ce qui est toutefois perceptible chez eux, c\u2019est la satisfaction qu\u2019ils avaient d\u2019avoir bien v\u00e9cu, de n\u2019avoir aucun regret, de sorte qu\u2019ils s\u2019en allaient le c\u0153ur l\u00e9ger.<\/p>\n\n\n\n<p>C\u2019est ce que l\u2019on peut souhaiter \u00e0 chacun d\u2019entre nous, <em>d\u00e9sint\u00e9gration positive<\/em> ou pas.<\/p>\n\n\n\n<p><\/p>\n\n\n\n<p class=\"has-text-align-justify\">Voici ce qu\u2019il m\u2019a sembl\u00e9 n\u00e9cessaire de dire de cette th\u00e9orie. Elle sera r\u00e9guli\u00e8rement \u00e9voqu\u00e9e dans ces pages, donc il est pr\u00e9f\u00e9rable d\u2019en avoir un petit aper\u00e7u (oui oui, l\u2019article est long, mais il y a des bouquins entiers sur le sujet&nbsp;!) pour comprendre quelles sont les origines, et parfois les limites, de certains concepts qui en d\u00e9coulent. Et maintenant que les bases th\u00e9oriques sont \u00e9tablies, cela devrait \u00eatre plus simple et plus concis. En tout cas, promis, j\u2019essaye&nbsp;!&nbsp;\ud83d\ude09<\/p>\n\n\n\n<p><\/p>\n\n\n\n<div class=\"wp-block-media-text alignwide is-stacked-on-mobile is-vertically-aligned-center\" style=\"grid-template-columns:41% auto\"><figure class=\"wp-block-media-text__media\"><img loading=\"lazy\" decoding=\"async\" width=\"1024\" height=\"587\" src=\"https:\/\/metacosme.me\/wp-content\/uploads\/2021\/02\/Pissenlit-montgolfiere-1024x587.jpg\" alt=\"\" class=\"wp-image-77 size-full\" srcset=\"https:\/\/metacosme.me\/wp-content\/uploads\/2021\/02\/Pissenlit-montgolfiere-1024x587.jpg 1024w, https:\/\/metacosme.me\/wp-content\/uploads\/2021\/02\/Pissenlit-montgolfiere-300x172.jpg 300w, https:\/\/metacosme.me\/wp-content\/uploads\/2021\/02\/Pissenlit-montgolfiere-768x440.jpg 768w, https:\/\/metacosme.me\/wp-content\/uploads\/2021\/02\/Pissenlit-montgolfiere-1536x881.jpg 1536w, https:\/\/metacosme.me\/wp-content\/uploads\/2021\/02\/Pissenlit-montgolfiere.jpg 1920w\" sizes=\"auto, (max-width: 1024px) 100vw, 1024px\" \/><\/figure><div class=\"wp-block-media-text__content\">\n<p>M\u00e9tacosme est un blog dont le but est de mettre \u00e0 disposition des lecteurs francophones des informations de cheminement personnel et un \u00e9clairage psychologique et philosophique original.<\/p>\n\n\n\n<p>Rejoignez-nous dans le groupe de discussion sur <a href=\"https:\/\/www.facebook.com\/groups\/1457846228286132\/\" target=\"_blank\" rel=\"noreferrer noopener\">Facebook<\/a><\/p>\n\n\n\n<div style=\"padding:0\" class=\"wp-block-tnp-minimal\"><p><\/p><div><div class=\"tnp tnp-subscription-minimal  \"><form action=\"https:\/\/metacosme.me\/wp-admin\/admin-ajax.php?action=tnp&amp;na=s\" method=\"post\" style=\"text-align: center\"><input type=\"hidden\" name=\"nr\" value=\"minimal\">\n<input type=\"hidden\" name=\"nlang\" value=\"\">\n<input class=\"tnp-email\" type=\"email\" required name=\"ne\" value=\"\" placeholder=\"Email\"><input class=\"tnp-submit\" type=\"submit\" value=\"S&#039;abonner\" style=\"\">\n<\/form><\/div>\n<\/div><\/div>\n<\/div><\/div>\n\n\n\n<p><span style=\"text-decoration: underline;\">Sources&nbsp;<\/span>:<\/p>\n\n\n\n<ul class=\"wp-block-list\"><li><a href=\"http:\/\/www.positivedisintegration.com\/#overview\" target=\"_blank\" rel=\"noreferrer noopener\">PositiveDisintegration.com<\/a>, site tr\u00e8s complet et contenant de nombreuses citations de Dabrowski, r\u00e9alis\u00e9 par William Tillier<\/li><li><a href=\"https:\/\/www.thirdfactor.org\/how-can-disintegration-be-positive\/\" target=\"_blank\" rel=\"noreferrer noopener\">\u201cHow Can \u2018Disintegration\u2019 Be Positive?\u201d<\/a>, article de Jessie Mannisto pour <a href=\"https:\/\/www.thirdfactor.org\/\" target=\"_blank\" rel=\"noreferrer noopener\">Third Factor Magazine<\/a><\/li><li><a href=\"https:\/\/www.thirdfactor.org\/history-overexcitability\/\" target=\"_blank\" rel=\"noreferrer noopener\">\u201cOverexcitability: Where It Came From, Where It\u2019s Going\u201d<\/a>, article de Christiane Wells et Jessie Mannisto pour <a href=\"https:\/\/www.thirdfactor.org\/\" target=\"_blank\" rel=\"noreferrer noopener\">Third Factor Magazine<\/a><\/li><li><a href=\"https:\/\/www.thirdfactor.org\/levels-and-dynamisms\/\" target=\"_blank\" rel=\"noreferrer noopener\">\u201cAn introduction to Dabrowski\u2019s Levels and Dynamisms\u201d<\/a>, article de Jessie Mannisto pour <a href=\"https:\/\/www.thirdfactor.org\/\">Third Factor Magazine<\/a><\/li><li><a href=\"https:\/\/intergifted.com\/living-with-intensity\/\" target=\"_blank\" rel=\"noreferrer noopener\">\u201cLiving with Intensity: Giftedness &amp; Self-Actualization\u201d<\/a>, article de Jennifer Harvey Sallin pour <a href=\"https:\/\/intergifted.com\/\">Intergifted<\/a><\/li><li><a href=\"https:\/\/fr.wikipedia.org\/wiki\/D%C3%A9sint%C3%A9gration_positive#Niveau_2_:_Phase_de_d%C3%A9sint%C3%A9gration_%C3%A0_niveau_unique\" target=\"_blank\" rel=\"noreferrer noopener\">\u201cD\u00e9sint\u00e9gration Positive\u201d<\/a>, article sur Wikipedia<\/li><li>\u201cLiving with Intensity\u201d, livre sous la direction de Susan Daniels et Michael M. Piechowski<\/li><li>\u201cSearching for Meaning \u2013 Idealism, Bright Minds, Disillusionment, and Hope\u201d, livre de James T. Webb<\/li><li>\u201cWilliam Wilberforce \u2013 The Life of the Great Anti-Slave Trade Campaigner\u201d, livre de William Hague<\/li><li>\u201cYou Learn by Living\u201d, livre autobiographique de Eleanor Roosevelt<\/li><\/ul>\n","protected":false},"excerpt":{"rendered":"<p>Qu\u2019est-ce qu\u2019il peut bien y avoir de positif dans une d\u00e9sint\u00e9gration ? C\u2019est clair que ce n\u2019est pas n\u00e9cessairement intuitif. Une clarification s&rsquo;impose donc.<\/p>\n","protected":false},"author":2,"featured_media":69,"comment_status":"open","ping_status":"open","sticky":false,"template":"","format":"standard","meta":{"_jetpack_memberships_contains_paid_content":false,"footnotes":""},"categories":[6],"tags":[],"class_list":["post-102","post","type-post","status-publish","format-standard","has-post-thumbnail","hentry","category-developpement","has-post-thumbnail-archive"],"yoast_head":"<!-- This site is optimized with the Yoast SEO plugin v26.9 - https:\/\/yoast.com\/product\/yoast-seo-wordpress\/ -->\n<title>Th\u00e9orie de la D\u00e9sint\u00e9gration Positive de Dabrowski - Metacosme<\/title>\n<meta name=\"description\" content=\"Les adultes \u00e0 haut potentiel sont particuli\u00e8rement susceptibles de conna\u00eetre une d\u00e9sint\u00e9gration positive. On vous explique!\" \/>\n<meta name=\"robots\" content=\"index, follow, max-snippet:-1, max-image-preview:large, max-video-preview:-1\" \/>\n<link rel=\"canonical\" href=\"https:\/\/metacosme.me\/index.php\/2021\/02\/05\/theorie-de-la-desintegration-positive-de-dabrowski\/\" \/>\n<meta property=\"og:locale\" content=\"fr_FR\" \/>\n<meta property=\"og:type\" content=\"article\" \/>\n<meta property=\"og:title\" content=\"Th\u00e9orie de la D\u00e9sint\u00e9gration Positive de Dabrowski - Metacosme\" \/>\n<meta property=\"og:description\" content=\"Les adultes \u00e0 haut potentiel sont particuli\u00e8rement susceptibles de conna\u00eetre une d\u00e9sint\u00e9gration positive. On vous explique!\" \/>\n<meta property=\"og:url\" content=\"https:\/\/metacosme.me\/index.php\/2021\/02\/05\/theorie-de-la-desintegration-positive-de-dabrowski\/\" \/>\n<meta property=\"og:site_name\" content=\"Metacosme\" \/>\n<meta property=\"article:published_time\" content=\"2021-02-05T17:28:37+00:00\" \/>\n<meta property=\"article:modified_time\" content=\"2023-12-18T19:40:33+00:00\" \/>\n<meta property=\"og:image\" content=\"https:\/\/metacosme.me\/wp-content\/uploads\/2021\/02\/Montagne-chemin.jpg\" \/>\n\t<meta property=\"og:image:width\" content=\"1920\" \/>\n\t<meta property=\"og:image:height\" content=\"1080\" \/>\n\t<meta property=\"og:image:type\" content=\"image\/jpeg\" \/>\n<meta name=\"author\" content=\"Isabelle\" \/>\n<meta name=\"twitter:card\" content=\"summary_large_image\" \/>\n<meta name=\"twitter:label1\" content=\"\u00c9crit par\" \/>\n\t<meta name=\"twitter:data1\" content=\"Isabelle\" \/>\n\t<meta name=\"twitter:label2\" content=\"Dur\u00e9e de lecture estim\u00e9e\" \/>\n\t<meta name=\"twitter:data2\" content=\"20 minutes\" \/>\n<script type=\"application\/ld+json\" class=\"yoast-schema-graph\">{\"@context\":\"https:\/\/schema.org\",\"@graph\":[{\"@type\":\"Article\",\"@id\":\"https:\/\/metacosme.me\/index.php\/2021\/02\/05\/theorie-de-la-desintegration-positive-de-dabrowski\/#article\",\"isPartOf\":{\"@id\":\"https:\/\/metacosme.me\/index.php\/2021\/02\/05\/theorie-de-la-desintegration-positive-de-dabrowski\/\"},\"author\":{\"name\":\"Isabelle\",\"@id\":\"https:\/\/metacosme.me\/#\/schema\/person\/5afbcafa721d23568101319b102753a2\"},\"headline\":\"Th\u00e9orie de la D\u00e9sint\u00e9gration Positive de Dabrowski\",\"datePublished\":\"2021-02-05T17:28:37+00:00\",\"dateModified\":\"2023-12-18T19:40:33+00:00\",\"mainEntityOfPage\":{\"@id\":\"https:\/\/metacosme.me\/index.php\/2021\/02\/05\/theorie-de-la-desintegration-positive-de-dabrowski\/\"},\"wordCount\":4563,\"commentCount\":2,\"publisher\":{\"@id\":\"https:\/\/metacosme.me\/#\/schema\/person\/5afbcafa721d23568101319b102753a2\"},\"image\":{\"@id\":\"https:\/\/metacosme.me\/index.php\/2021\/02\/05\/theorie-de-la-desintegration-positive-de-dabrowski\/#primaryimage\"},\"thumbnailUrl\":\"https:\/\/metacosme.me\/wp-content\/uploads\/2021\/02\/Montagne-chemin.jpg\",\"articleSection\":[\"D\u00e9veloppement\"],\"inLanguage\":\"fr-FR\",\"potentialAction\":[{\"@type\":\"CommentAction\",\"name\":\"Comment\",\"target\":[\"https:\/\/metacosme.me\/index.php\/2021\/02\/05\/theorie-de-la-desintegration-positive-de-dabrowski\/#respond\"]}]},{\"@type\":\"WebPage\",\"@id\":\"https:\/\/metacosme.me\/index.php\/2021\/02\/05\/theorie-de-la-desintegration-positive-de-dabrowski\/\",\"url\":\"https:\/\/metacosme.me\/index.php\/2021\/02\/05\/theorie-de-la-desintegration-positive-de-dabrowski\/\",\"name\":\"Th\u00e9orie de la D\u00e9sint\u00e9gration Positive de Dabrowski - Metacosme\",\"isPartOf\":{\"@id\":\"https:\/\/metacosme.me\/#website\"},\"primaryImageOfPage\":{\"@id\":\"https:\/\/metacosme.me\/index.php\/2021\/02\/05\/theorie-de-la-desintegration-positive-de-dabrowski\/#primaryimage\"},\"image\":{\"@id\":\"https:\/\/metacosme.me\/index.php\/2021\/02\/05\/theorie-de-la-desintegration-positive-de-dabrowski\/#primaryimage\"},\"thumbnailUrl\":\"https:\/\/metacosme.me\/wp-content\/uploads\/2021\/02\/Montagne-chemin.jpg\",\"datePublished\":\"2021-02-05T17:28:37+00:00\",\"dateModified\":\"2023-12-18T19:40:33+00:00\",\"description\":\"Les adultes \u00e0 haut potentiel sont particuli\u00e8rement susceptibles de conna\u00eetre une d\u00e9sint\u00e9gration positive. On vous explique!\",\"breadcrumb\":{\"@id\":\"https:\/\/metacosme.me\/index.php\/2021\/02\/05\/theorie-de-la-desintegration-positive-de-dabrowski\/#breadcrumb\"},\"inLanguage\":\"fr-FR\",\"potentialAction\":[{\"@type\":\"ReadAction\",\"target\":[\"https:\/\/metacosme.me\/index.php\/2021\/02\/05\/theorie-de-la-desintegration-positive-de-dabrowski\/\"]}]},{\"@type\":\"ImageObject\",\"inLanguage\":\"fr-FR\",\"@id\":\"https:\/\/metacosme.me\/index.php\/2021\/02\/05\/theorie-de-la-desintegration-positive-de-dabrowski\/#primaryimage\",\"url\":\"https:\/\/metacosme.me\/wp-content\/uploads\/2021\/02\/Montagne-chemin.jpg\",\"contentUrl\":\"https:\/\/metacosme.me\/wp-content\/uploads\/2021\/02\/Montagne-chemin.jpg\",\"width\":1920,\"height\":1080,\"caption\":\"D\u00e9sint\u00e9gration positive montagne\"},{\"@type\":\"BreadcrumbList\",\"@id\":\"https:\/\/metacosme.me\/index.php\/2021\/02\/05\/theorie-de-la-desintegration-positive-de-dabrowski\/#breadcrumb\",\"itemListElement\":[{\"@type\":\"ListItem\",\"position\":1,\"name\":\"Accueil\",\"item\":\"https:\/\/metacosme.me\/\"},{\"@type\":\"ListItem\",\"position\":2,\"name\":\"Th\u00e9orie de la D\u00e9sint\u00e9gration Positive de Dabrowski\"}]},{\"@type\":\"WebSite\",\"@id\":\"https:\/\/metacosme.me\/#website\",\"url\":\"https:\/\/metacosme.me\/\",\"name\":\"Metacosme\",\"description\":\"\",\"publisher\":{\"@id\":\"https:\/\/metacosme.me\/#\/schema\/person\/5afbcafa721d23568101319b102753a2\"},\"potentialAction\":[{\"@type\":\"SearchAction\",\"target\":{\"@type\":\"EntryPoint\",\"urlTemplate\":\"https:\/\/metacosme.me\/?s={search_term_string}\"},\"query-input\":{\"@type\":\"PropertyValueSpecification\",\"valueRequired\":true,\"valueName\":\"search_term_string\"}}],\"inLanguage\":\"fr-FR\"},{\"@type\":[\"Person\",\"Organization\"],\"@id\":\"https:\/\/metacosme.me\/#\/schema\/person\/5afbcafa721d23568101319b102753a2\",\"name\":\"Isabelle\",\"image\":{\"@type\":\"ImageObject\",\"inLanguage\":\"fr-FR\",\"@id\":\"https:\/\/metacosme.me\/#\/schema\/person\/image\/\",\"url\":\"https:\/\/secure.gravatar.com\/avatar\/9fe1e2c9e7efb129e330c04b7831b190a08a0cb4f2a8ac8721bdb6a55e70ee09?s=96&d=mm&r=g\",\"contentUrl\":\"https:\/\/secure.gravatar.com\/avatar\/9fe1e2c9e7efb129e330c04b7831b190a08a0cb4f2a8ac8721bdb6a55e70ee09?s=96&d=mm&r=g\",\"caption\":\"Isabelle\"},\"logo\":{\"@id\":\"https:\/\/metacosme.me\/#\/schema\/person\/image\/\"},\"sameAs\":[\"http:\/\/www.metacosme.me\"]}]}<\/script>\n<!-- \/ Yoast SEO plugin. -->","yoast_head_json":{"title":"Th\u00e9orie de la D\u00e9sint\u00e9gration Positive de Dabrowski - Metacosme","description":"Les adultes \u00e0 haut potentiel sont particuli\u00e8rement susceptibles de conna\u00eetre une d\u00e9sint\u00e9gration positive. On vous explique!","robots":{"index":"index","follow":"follow","max-snippet":"max-snippet:-1","max-image-preview":"max-image-preview:large","max-video-preview":"max-video-preview:-1"},"canonical":"https:\/\/metacosme.me\/index.php\/2021\/02\/05\/theorie-de-la-desintegration-positive-de-dabrowski\/","og_locale":"fr_FR","og_type":"article","og_title":"Th\u00e9orie de la D\u00e9sint\u00e9gration Positive de Dabrowski - Metacosme","og_description":"Les adultes \u00e0 haut potentiel sont particuli\u00e8rement susceptibles de conna\u00eetre une d\u00e9sint\u00e9gration positive. On vous explique!","og_url":"https:\/\/metacosme.me\/index.php\/2021\/02\/05\/theorie-de-la-desintegration-positive-de-dabrowski\/","og_site_name":"Metacosme","article_published_time":"2021-02-05T17:28:37+00:00","article_modified_time":"2023-12-18T19:40:33+00:00","og_image":[{"width":1920,"height":1080,"url":"https:\/\/metacosme.me\/wp-content\/uploads\/2021\/02\/Montagne-chemin.jpg","type":"image\/jpeg"}],"author":"Isabelle","twitter_card":"summary_large_image","twitter_misc":{"\u00c9crit par":"Isabelle","Dur\u00e9e de lecture estim\u00e9e":"20 minutes"},"schema":{"@context":"https:\/\/schema.org","@graph":[{"@type":"Article","@id":"https:\/\/metacosme.me\/index.php\/2021\/02\/05\/theorie-de-la-desintegration-positive-de-dabrowski\/#article","isPartOf":{"@id":"https:\/\/metacosme.me\/index.php\/2021\/02\/05\/theorie-de-la-desintegration-positive-de-dabrowski\/"},"author":{"name":"Isabelle","@id":"https:\/\/metacosme.me\/#\/schema\/person\/5afbcafa721d23568101319b102753a2"},"headline":"Th\u00e9orie de la D\u00e9sint\u00e9gration Positive de Dabrowski","datePublished":"2021-02-05T17:28:37+00:00","dateModified":"2023-12-18T19:40:33+00:00","mainEntityOfPage":{"@id":"https:\/\/metacosme.me\/index.php\/2021\/02\/05\/theorie-de-la-desintegration-positive-de-dabrowski\/"},"wordCount":4563,"commentCount":2,"publisher":{"@id":"https:\/\/metacosme.me\/#\/schema\/person\/5afbcafa721d23568101319b102753a2"},"image":{"@id":"https:\/\/metacosme.me\/index.php\/2021\/02\/05\/theorie-de-la-desintegration-positive-de-dabrowski\/#primaryimage"},"thumbnailUrl":"https:\/\/metacosme.me\/wp-content\/uploads\/2021\/02\/Montagne-chemin.jpg","articleSection":["D\u00e9veloppement"],"inLanguage":"fr-FR","potentialAction":[{"@type":"CommentAction","name":"Comment","target":["https:\/\/metacosme.me\/index.php\/2021\/02\/05\/theorie-de-la-desintegration-positive-de-dabrowski\/#respond"]}]},{"@type":"WebPage","@id":"https:\/\/metacosme.me\/index.php\/2021\/02\/05\/theorie-de-la-desintegration-positive-de-dabrowski\/","url":"https:\/\/metacosme.me\/index.php\/2021\/02\/05\/theorie-de-la-desintegration-positive-de-dabrowski\/","name":"Th\u00e9orie de la D\u00e9sint\u00e9gration Positive de Dabrowski - Metacosme","isPartOf":{"@id":"https:\/\/metacosme.me\/#website"},"primaryImageOfPage":{"@id":"https:\/\/metacosme.me\/index.php\/2021\/02\/05\/theorie-de-la-desintegration-positive-de-dabrowski\/#primaryimage"},"image":{"@id":"https:\/\/metacosme.me\/index.php\/2021\/02\/05\/theorie-de-la-desintegration-positive-de-dabrowski\/#primaryimage"},"thumbnailUrl":"https:\/\/metacosme.me\/wp-content\/uploads\/2021\/02\/Montagne-chemin.jpg","datePublished":"2021-02-05T17:28:37+00:00","dateModified":"2023-12-18T19:40:33+00:00","description":"Les adultes \u00e0 haut potentiel sont particuli\u00e8rement susceptibles de conna\u00eetre une d\u00e9sint\u00e9gration positive. On vous explique!","breadcrumb":{"@id":"https:\/\/metacosme.me\/index.php\/2021\/02\/05\/theorie-de-la-desintegration-positive-de-dabrowski\/#breadcrumb"},"inLanguage":"fr-FR","potentialAction":[{"@type":"ReadAction","target":["https:\/\/metacosme.me\/index.php\/2021\/02\/05\/theorie-de-la-desintegration-positive-de-dabrowski\/"]}]},{"@type":"ImageObject","inLanguage":"fr-FR","@id":"https:\/\/metacosme.me\/index.php\/2021\/02\/05\/theorie-de-la-desintegration-positive-de-dabrowski\/#primaryimage","url":"https:\/\/metacosme.me\/wp-content\/uploads\/2021\/02\/Montagne-chemin.jpg","contentUrl":"https:\/\/metacosme.me\/wp-content\/uploads\/2021\/02\/Montagne-chemin.jpg","width":1920,"height":1080,"caption":"D\u00e9sint\u00e9gration positive montagne"},{"@type":"BreadcrumbList","@id":"https:\/\/metacosme.me\/index.php\/2021\/02\/05\/theorie-de-la-desintegration-positive-de-dabrowski\/#breadcrumb","itemListElement":[{"@type":"ListItem","position":1,"name":"Accueil","item":"https:\/\/metacosme.me\/"},{"@type":"ListItem","position":2,"name":"Th\u00e9orie de la D\u00e9sint\u00e9gration Positive de Dabrowski"}]},{"@type":"WebSite","@id":"https:\/\/metacosme.me\/#website","url":"https:\/\/metacosme.me\/","name":"Metacosme","description":"","publisher":{"@id":"https:\/\/metacosme.me\/#\/schema\/person\/5afbcafa721d23568101319b102753a2"},"potentialAction":[{"@type":"SearchAction","target":{"@type":"EntryPoint","urlTemplate":"https:\/\/metacosme.me\/?s={search_term_string}"},"query-input":{"@type":"PropertyValueSpecification","valueRequired":true,"valueName":"search_term_string"}}],"inLanguage":"fr-FR"},{"@type":["Person","Organization"],"@id":"https:\/\/metacosme.me\/#\/schema\/person\/5afbcafa721d23568101319b102753a2","name":"Isabelle","image":{"@type":"ImageObject","inLanguage":"fr-FR","@id":"https:\/\/metacosme.me\/#\/schema\/person\/image\/","url":"https:\/\/secure.gravatar.com\/avatar\/9fe1e2c9e7efb129e330c04b7831b190a08a0cb4f2a8ac8721bdb6a55e70ee09?s=96&d=mm&r=g","contentUrl":"https:\/\/secure.gravatar.com\/avatar\/9fe1e2c9e7efb129e330c04b7831b190a08a0cb4f2a8ac8721bdb6a55e70ee09?s=96&d=mm&r=g","caption":"Isabelle"},"logo":{"@id":"https:\/\/metacosme.me\/#\/schema\/person\/image\/"},"sameAs":["http:\/\/www.metacosme.me"]}]}},"jetpack_featured_media_url":"https:\/\/metacosme.me\/wp-content\/uploads\/2021\/02\/Montagne-chemin.jpg","jetpack_sharing_enabled":true,"_links":{"self":[{"href":"https:\/\/metacosme.me\/index.php\/wp-json\/wp\/v2\/posts\/102","targetHints":{"allow":["GET"]}}],"collection":[{"href":"https:\/\/metacosme.me\/index.php\/wp-json\/wp\/v2\/posts"}],"about":[{"href":"https:\/\/metacosme.me\/index.php\/wp-json\/wp\/v2\/types\/post"}],"author":[{"embeddable":true,"href":"https:\/\/metacosme.me\/index.php\/wp-json\/wp\/v2\/users\/2"}],"replies":[{"embeddable":true,"href":"https:\/\/metacosme.me\/index.php\/wp-json\/wp\/v2\/comments?post=102"}],"version-history":[{"count":7,"href":"https:\/\/metacosme.me\/index.php\/wp-json\/wp\/v2\/posts\/102\/revisions"}],"predecessor-version":[{"id":444,"href":"https:\/\/metacosme.me\/index.php\/wp-json\/wp\/v2\/posts\/102\/revisions\/444"}],"wp:featuredmedia":[{"embeddable":true,"href":"https:\/\/metacosme.me\/index.php\/wp-json\/wp\/v2\/media\/69"}],"wp:attachment":[{"href":"https:\/\/metacosme.me\/index.php\/wp-json\/wp\/v2\/media?parent=102"}],"wp:term":[{"taxonomy":"category","embeddable":true,"href":"https:\/\/metacosme.me\/index.php\/wp-json\/wp\/v2\/categories?post=102"},{"taxonomy":"post_tag","embeddable":true,"href":"https:\/\/metacosme.me\/index.php\/wp-json\/wp\/v2\/tags?post=102"}],"curies":[{"name":"wp","href":"https:\/\/api.w.org\/{rel}","templated":true}]}}